{"id":105377,"date":"2026-04-30T02:55:27","date_gmt":"2026-04-30T06:55:27","guid":{"rendered":"https:\/\/www.sostourismemedical.com\/avantages-meconnus-de-temoignages-de-patients-en-convalescence-2\/"},"modified":"2026-04-30T02:55:52","modified_gmt":"2026-04-30T06:55:52","slug":"avantages-meconnus-de-temoignages-de-patients-en-convalescence-2","status":"publish","type":"post","link":"https:\/\/www.sostourismemedical.com\/en\/avantages-meconnus-de-temoignages-de-patients-en-convalescence-2\/","title":{"rendered":"Avantages m\u00e9connus de t\u00e9moignages de patients en convalescence"},"content":{"rendered":"<p>Le parcours vers la gu\u00e9rison apr\u00e8s une chirurgie du dos ou du cou, surtout lorsqu\u2019il implique un d\u00e9placement international entre le Canada et la France, est bien plus complexe qu\u2019un simple r\u00e9tablissement physique. Il s\u2019agit d\u2019un cheminement \u00e0 la fois mental, \u00e9motionnel et social. Les t\u00e9moignages patients jouent ici un r\u00f4le fondamental, souvent sous-estim\u00e9, en tant que moteurs puissants de motivation et sources pr\u00e9cieuses de soutien psychologique. Ils transcendent la seule dimension m\u00e9dicale en apportant un \u00e9clairage humain indispensable, particuli\u00e8rement visible dans les processus de convalescence. Ces r\u00e9cits partag\u00e9s \u00e0 Neuroth\u00e9rapie Montr\u00e9al permettent d\u2019ancrer les \u00e9tapes de r\u00e9cup\u00e9ration dans une logique d\u2019espoir et de r\u00e9silience, tout en offrant des rep\u00e8res clairs pour les patients en post-op\u00e9ratoire.<\/p>\n\n<p>Dans un contexte o\u00f9 Philippe Mazaltarim, sp\u00e9cialiste reconnu en neuromodulation et stimulation magn\u00e9tique transcr\u00e2nienne r\u00e9p\u00e9titive (<a class=\"wpil_keyword_link\" href=\"https:\/\/sostourismemedical.com\/pourquoi-integration-de-la-rtms-apres-chirurgie-change-la-donne-pour-les-patients-quebecois\/\" title=\"Pourquoi int\u00e9gration de la rTMS apr\u00e8s chirurgie change la donne pour les patients qu\u00e9b\u00e9cois\" data-wpil-keyword-link=\"linked\" data-wpil-monitor-id=\"52485\">rTMS<\/a>), supervise le suivi rigoureux et personnalis\u00e9 des patients qu\u00e9b\u00e9cois op\u00e9r\u00e9s en France, l\u2019importance de ces t\u00e9moignages est d\u00e9cupl\u00e9e. Leur effet d\u00e9passe la simple communication : ils structurent la convalescence et orientent les patients vers des solutions innovantes, alliant approche high-tech et dimension humaine. L\u2019int\u00e9gration de la rTMS, dans le cadre d\u2019un suivi post-op\u00e9ratoire complet, illustre comment ces exp\u00e9riences concr\u00e8tes et partag\u00e9es nourrissent la confiance et facilitent le retour progressif aux activit\u00e9s quotidiennes, au travail, puis au sport.<\/p>\n\n<p>\u00c0 travers cet article, nous explorerons en profondeur les avantages souvent m\u00e9connus des t\u00e9moignages patients lors de la convalescence, en exposant leur r\u00f4le dans la r\u00e9adaptation fonctionnelle, l\u2019am\u00e9lioration du bien-\u00eatre global et la construction d\u2019un v\u00e9ritable r\u00e9seau d\u2019entraide. Nous verrons comment \u00e0 Neuroth\u00e9rapie Montr\u00e9al, sous la direction experte de Philippe, la gestion int\u00e9gr\u00e9e des patients s\u2019appuie sur ces r\u00e9cits pour offrir un soutien \u00e0 la fois scientifique et humain, afin d\u2019optimiser la r\u00e9cup\u00e9ration apr\u00e8s une chirurgie rachidienne.<\/p>\n\n<h2 class=\"wp-block-heading\">Le r\u00f4le essentiel des t\u00e9moignages patients dans l\u2019accompagnement post-chirurgical<\/h2>\n\n<p>Philippe Mazaltarim, expert en neuromodulation et fondateur de Neuroth\u00e9rapie Montr\u00e9al, met un point d\u2019honneur \u00e0 valoriser les t\u00e9moignages de convalescents. Ces derniers ne sont pas de simples r\u00e9cits anecdotiques, mais des outils essentiels qui illustrent la complexit\u00e9 de la r\u00e9cup\u00e9ration apr\u00e8s une <a class=\"wpil_keyword_link\" href=\"https:\/\/sostourismemedical.com\/chirurgie-du-rachis\/\" title=\"Chirurgie du rachis\" data-wpil-keyword-link=\"linked\" data-wpil-monitor-id=\"52489\">chirurgie du rachis<\/a>. En effet, la diversit\u00e9 des cas \u2013 qu\u2019il s\u2019agisse d\u2019une fusion vert\u00e9brale, d\u2019une chirurgie motion ou d\u2019une simple laminectomie \u2013 implique des parcours diff\u00e9rents, aux rythmes variables.<\/p>\n\n<p>Chaque t\u00e9moignage offre une cartographie pragmatique permettant aux patients de s\u2019orienter et de comprendre \u00e0 quoi s\u2019attendre. Par exemple, un patient ayant subi une fusion lombaire racontera sa progression graduelle entre la marche assist\u00e9e, le retour \u00e0 un travail adapt\u00e9 et la reprise du sport, tandis qu\u2019un autre, op\u00e9r\u00e9 pour une chirurgie motion, partagera ses exp\u00e9riences de maintien de mobilit\u00e9 post-op\u00e9ratoire. Ce partage d\u2019exp\u00e9rience favorise un climat de confiance et contribue \u00e0 r\u00e9duire l\u2019anxi\u00e9t\u00e9 li\u00e9e \u00e0 l\u2019inconnu.<\/p>\n\n<p>La valeur ajout\u00e9e de ces r\u00e9cits est non seulement psychologique mais aussi scientifique. Philippe utilise les informations recueillies pour ajuster les protocoles de rTMS et d\u00e9velopper des plans de soins sur mesure int\u00e9grant la neuromodulation non invasive. Par exemple, lorsque des patients t\u00e9moignent de douleurs neuropathiques persistantes ou de syndromes post-laminectomie, Neuroth\u00e9rapie Montr\u00e9al peut proposer un programme de stimulation magn\u00e9tique r\u00e9p\u00e9titive pour att\u00e9nuer ces sympt\u00f4mes et am\u00e9liorer la qualit\u00e9 de vie. Cette d\u00e9marche individualis\u00e9e illustre la compl\u00e9mentarit\u00e9 entre retours d\u2019exp\u00e9rience et innovation th\u00e9rapeutique.<\/p>\n\n<p>Voici une liste des b\u00e9n\u00e9fices concrets issus des t\u00e9moignages en convalescence post-chirurgicale :<\/p>\n\n<ul class=\"wp-block-list\"><li><strong>R\u00e9duction du stress et de l\u2019anxi\u00e9t\u00e9<\/strong> en anticipant les \u00e9tapes cl\u00e9s du r\u00e9tablissement.<\/li><li><strong>Motivation accrue<\/strong> \u00e0 travers l\u2019identification \u00e0 des pairs ayant r\u00e9ussi leur convalescence.<\/li><li><strong>Soutien psychologique<\/strong> par le sentiment d\u2019appartenance \u00e0 une communaut\u00e9 de patients.<\/li><li><strong>Meilleure communication<\/strong> entre le patient et l\u2019\u00e9quipe m\u00e9dicale, facilitant l\u2019adaptation du suivi.<\/li><li><strong>Favorisation de la r\u00e9silience<\/strong> et du bien-\u00eatre global par un regard positif sur le r\u00e9tablissement.<\/li><\/ul>\n\n<p>Cette int\u00e9gration intelligente du v\u00e9cu patient dans le parcours de soin s\u2019inscrit dans une d\u00e9marche phare de Neuroth\u00e9rapie Montr\u00e9al, o\u00f9 la m\u00e9decine avanc\u00e9e et l&rsquo;humanit\u00e9 se conjuguent pour offrir des soins centr\u00e9s sur le patient.<\/p>\n\n<figure class=\"wp-block-image size-full\"><img decoding=\"async\" width=\"1344\" height=\"768\" src=\"https:\/\/media.sostourismemedical.com\/2026\/04\/Avantages-meconnus-de-temoignages-de-patients-en-convalescence-1.jpg\" alt=\"d\u00e9couvrez les avantages m\u00e9connus des t\u00e9moignages de patients en convalescence, et comment ils peuvent inspirer, informer et soutenir le r\u00e9tablissement.\" class=\"wp-image-105371\" title=\"\" srcset=\"https:\/\/media.sostourismemedical.com\/2026\/04\/Avantages-meconnus-de-temoignages-de-patients-en-convalescence-1.jpg 1344w, https:\/\/media.sostourismemedical.com\/2026\/04\/Avantages-meconnus-de-temoignages-de-patients-en-convalescence-1-500x286.jpg 500w, https:\/\/media.sostourismemedical.com\/2026\/04\/Avantages-meconnus-de-temoignages-de-patients-en-convalescence-1-1200x686.jpg 1200w, https:\/\/media.sostourismemedical.com\/2026\/04\/Avantages-meconnus-de-temoignages-de-patients-en-convalescence-1-300x171.jpg 300w, https:\/\/media.sostourismemedical.com\/2026\/04\/Avantages-meconnus-de-temoignages-de-patients-en-convalescence-1-768x439.jpg 768w, https:\/\/media.sostourismemedical.com\/2026\/04\/Avantages-meconnus-de-temoignages-de-patients-en-convalescence-1-18x10.jpg 18w, https:\/\/media.sostourismemedical.com\/2026\/04\/Avantages-meconnus-de-temoignages-de-patients-en-convalescence-1-360x206.jpg 360w, https:\/\/media.sostourismemedical.com\/2026\/04\/Avantages-meconnus-de-temoignages-de-patients-en-convalescence-1-131x75.jpg 131w, https:\/\/media.sostourismemedical.com\/2026\/04\/Avantages-meconnus-de-temoignages-de-patients-en-convalescence-1-480x274.jpg 480w, https:\/\/media.sostourismemedical.com\/2026\/04\/Avantages-meconnus-de-temoignages-de-patients-en-convalescence-1-175x100.jpg 175w\" sizes=\"(max-width:767px) 480px, (max-width:1344px) 100vw, 1344px\" \/><\/figure>\n\n<h2 class=\"wp-block-heading\">Comment la gestion int\u00e9gr\u00e9e du suivi post-op\u00e9ratoire favorise une convalescence r\u00e9ussie<\/h2>\n\n<p>La coordination du parcours des patients qu\u00e9b\u00e9cois op\u00e9r\u00e9s en France est l\u2019un des piliers du travail accompli par Philippe chez Neuroth\u00e9rapie Montr\u00e9al. Cette prise en charge int\u00e9gr\u00e9e commence bien avant la chirurgie, \u00e0 travers une \u00e9valuation neurofonctionnelle compl\u00e8te, essentielle pour pr\u00e9parer chaque individu aux efforts de r\u00e9cup\u00e9ration qui suivront.<\/p>\n\n<p>Dans sa fonction de directeur, Philippe veille \u00e0 ce que le dossier m\u00e9dical soit soigneusement coordonn\u00e9 entre la France et le Canada, assurant une transition fluide, s\u00e9curitaire et personnalis\u00e9e. Le r\u00f4le est multiple : il accompagne le patient dans les d\u00e9marches administratives, organise les rendez-vous compl\u00e9mentaires \u00e0 Montr\u00e9al, et planifie un calendrier r\u00e9aliste de reprise des activit\u00e9s, prenant en compte le type de chirurgie.<\/p>\n\n<p>Apr\u00e8s le retour au Qu\u00e9bec, le suivi se poursuit avec rigueur. Philippe \u00e9value r\u00e9guli\u00e8rement la r\u00e9cup\u00e9ration fonctionnelle, monitorant \u00e0 la fois la mobilit\u00e9, les douleurs \u00e9ventuelles et l\u2019impact \u00e9motionnel post-op\u00e9ratoire. La rTMS joue ici un r\u00f4le cl\u00e9 : cette technique de neuromodulation non invasive, bien ma\u00eetris\u00e9e au sein de Neuroth\u00e9rapie Montr\u00e9al, est utilis\u00e9e pour r\u00e9duire les douleurs chroniques persistantes ou neuropathiques et pour soutenir le moral des patients confront\u00e9s \u00e0 des sympt\u00f4mes d\u00e9pressifs ou anxieux.<\/p>\n\n<p>Un tableau synth\u00e9tique des \u00e9tapes de convalescence selon le type de chirurgie est ainsi propos\u00e9 :<\/p>\n\n<figure class=\"wp-block-table\"><table>\n<thead>\n<tr>\n<th>Type de chirurgie<\/th>\n<th>Dur\u00e9e moyenne de convalescence<\/th>\n<th>Reprise de la marche<\/th>\n<th>Retour au travail<\/th>\n<th>Reprise du sport<\/th>\n<\/tr>\n<\/thead>\n<tbody>\n<tr>\n<td>Chirurgie simple (ex : laminectomie)<\/td>\n<td>6 \u00e0 8 semaines<\/td>\n<td>1 \u00e0 2 semaines<\/td>\n<td>4 \u00e0 6 semaines<\/td>\n<td>8 \u00e0 12 semaines<\/td>\n<\/tr>\n<tr>\n<td>Chirurgie motion (<a class=\"wpil_keyword_link\" href=\"https:\/\/sostourismemedical.com\/chirurgie\/prothese-discale\/\" title=\"proth\u00e8se discale\" data-wpil-keyword-link=\"linked\" data-wpil-monitor-id=\"52486\">proth\u00e8se discale<\/a>)<\/td>\n<td>8 \u00e0 12 semaines<\/td>\n<td>2 \u00e0 3 semaines<\/td>\n<td>6 \u00e0 8 semaines<\/td>\n<td>12 \u00e0 16 semaines<\/td>\n<\/tr>\n<tr>\n<td>Fusion vert\u00e9brale (<a class=\"wpil_keyword_link\" href=\"https:\/\/sostourismemedical.com\/chirurgie\/fusion\/\" title=\"Fusion\" data-wpil-keyword-link=\"linked\" data-wpil-monitor-id=\"52539\">arthrod\u00e8se<\/a>)<\/td>\n<td>12 \u00e0 24 semaines<\/td>\n<td>3 \u00e0 4 semaines<\/td>\n<td>8 \u00e0 12 semaines<\/td>\n<td>16 \u00e0 24 semaines<\/td>\n<\/tr>\n<\/tbody>\n<\/table><\/figure>\n\n<p>Cette approche structur\u00e9e, combin\u00e9e \u00e0 l\u2019expertise en stimulation magn\u00e9tique et technologies innovantes telles que BrainPort ou PoNS, permet \u00e0 chaque patient d\u2019exp\u00e9rimenter une progression adapt\u00e9e \u00e0 ses besoins r\u00e9els, optimisant ainsi la r\u00e9cup\u00e9ration compl\u00e8te. La gestion int\u00e9gr\u00e9e est plus qu\u2019une m\u00e9thode : c\u2019est une garantie de qualit\u00e9 et de s\u00e9curit\u00e9, soutenue par des outils modernes et une \u00e9quipe multidisciplinaire engag\u00e9e.<\/p>\n\n<figure class=\"is-provider-youtube is-type-video wp-block-embed wp-block-embed-youtube wp-embed-aspect-16-9 wp-has-aspect-ratio\"><div class=\"wp-block-embed__wrapper\">\n<iframe title=\"Droits du patient - T\u00e9moignage\" width=\"1220\" height=\"686\" src=\"https:\/\/www.youtube.com\/embed\/sPc_Qw2qzoU?feature=oembed\" frameborder=\"0\" allow=\"accelerometer; autoplay; clipboard-write; encrypted-media; gyroscope; picture-in-picture; web-share\" referrerpolicy=\"strict-origin-when-cross-origin\" allowfullscreen><\/iframe>\n<\/div><\/figure>\n\n<h2 class=\"wp-block-heading\">Collaboration internationale pour un parcours patient fluide entre le Qu\u00e9bec et la France<\/h2>\n\n<p>Le succ\u00e8s de la convalescence post-op\u00e9ratoire tient aussi \u00e0 la qualit\u00e9 exceptionnelle de la collaboration entre Neuroth\u00e9rapie Montr\u00e9al, SOS Tourisme M\u00e9dical et <a class=\"wpil_keyword_link\" href=\"https:\/\/www.franchir.eu\/\" title=\"Franchir\" data-wpil-keyword-link=\"linked\" data-wpil-monitor-id=\"52487\" target=\"_blank\" rel=\"noopener\">Franchir<\/a>. Philippe Mazaltarim agit comme un v\u00e9ritable pivot dans ce r\u00e9seau franco-canadien, orchestrant un suivi continu et personnalis\u00e9.<\/p>\n\n<p>SOS Tourisme M\u00e9dical joue un r\u00f4le d\u2019information essentiel aupr\u00e8s des patients qu\u00e9b\u00e9cois, les guidant sur les crit\u00e8res de qualification, les options techniques (comme la chirurgie endoscopique, les implants innovants tels que TOPS ou <a class=\"wpil_keyword_link\" href=\"https:\/\/sostourismemedical.com\/chirurgie\/intraspine\/\" title=\"Intraspine\" data-wpil-keyword-link=\"linked\" data-wpil-monitor-id=\"52488\">Intraspine<\/a>) et les d\u00e9marches administratives pr\u00e9alables. Franchir, quant \u00e0 elle, organise int\u00e9gralement le s\u00e9jour en France \u2013 du choix du chirurgien jusqu\u2019\u00e0 l\u2019h\u00e9bergement \u2013, assurant un voyage sans encombre et s\u00e9curis\u00e9.<\/p>\n\n<p>Pendant ce temps, Philippe \u00e0 Neuroth\u00e9rapie Montr\u00e9al prend en charge la pr\u00e9paration neurofonctionnelle avant l\u2019intervention et assure un suivi post-op\u00e9ratoire \u00e9troit \u00e0 Montr\u00e9al. Cette coop\u00e9ration exemplaire facilite pour les patients un soutien continu, alliant rigueur scientifique et accompagnement humain chaleureux.<\/p>\n\n<p>Ce partenariat international renforce la confiance des patients gr\u00e2ce \u00e0 une cha\u00eene fluide qui r\u00e9duit au maximum le stress et les incertitudes souvent li\u00e9es aux chirurgies \u00e0 l\u2019\u00e9tranger. Ainsi, le suivi adapt\u00e9 aux suites op\u00e9ratoires, y compris l\u2019int\u00e9gration de la rTMS et de programmes de r\u00e9\u00e9ducation cibl\u00e9s, devient un mod\u00e8le exemplaire de prise en charge transfrontali\u00e8re.<\/p>\n\n<figure class=\"is-provider-youtube is-type-video wp-block-embed wp-block-embed-youtube wp-embed-aspect-16-9 wp-has-aspect-ratio\"><div class=\"wp-block-embed__wrapper\">\n<iframe title=\"[Asthme] D\u00e9couvrez dans le t\u00e9moignage de Marjory, les conseils d&#039;une maman bienveillante\" width=\"1220\" height=\"915\" src=\"https:\/\/www.youtube.com\/embed\/eDnmNVghuKI?feature=oembed\" frameborder=\"0\" allow=\"accelerometer; autoplay; clipboard-write; encrypted-media; gyroscope; picture-in-picture; web-share\" referrerpolicy=\"strict-origin-when-cross-origin\" allowfullscreen><\/iframe>\n<\/div><\/figure>\n\n<figure class=\"wp-block-image size-full\"><img decoding=\"async\" width=\"1344\" height=\"768\" src=\"https:\/\/media.sostourismemedical.com\/2026\/04\/Avantages-meconnus-de-temoignages-de-patients-en-convalescence-2.jpg\" alt=\"d\u00e9couvrez les avantages m\u00e9connus des t\u00e9moignages de patients en convalescence et comment ils peuvent inspirer, informer et soutenir le r\u00e9tablissement.\" class=\"wp-image-105372\" title=\"\" srcset=\"https:\/\/media.sostourismemedical.com\/2026\/04\/Avantages-meconnus-de-temoignages-de-patients-en-convalescence-2.jpg 1344w, https:\/\/media.sostourismemedical.com\/2026\/04\/Avantages-meconnus-de-temoignages-de-patients-en-convalescence-2-500x286.jpg 500w, https:\/\/media.sostourismemedical.com\/2026\/04\/Avantages-meconnus-de-temoignages-de-patients-en-convalescence-2-1200x686.jpg 1200w, https:\/\/media.sostourismemedical.com\/2026\/04\/Avantages-meconnus-de-temoignages-de-patients-en-convalescence-2-300x171.jpg 300w, https:\/\/media.sostourismemedical.com\/2026\/04\/Avantages-meconnus-de-temoignages-de-patients-en-convalescence-2-768x439.jpg 768w, https:\/\/media.sostourismemedical.com\/2026\/04\/Avantages-meconnus-de-temoignages-de-patients-en-convalescence-2-18x10.jpg 18w, https:\/\/media.sostourismemedical.com\/2026\/04\/Avantages-meconnus-de-temoignages-de-patients-en-convalescence-2-360x206.jpg 360w, https:\/\/media.sostourismemedical.com\/2026\/04\/Avantages-meconnus-de-temoignages-de-patients-en-convalescence-2-131x75.jpg 131w, https:\/\/media.sostourismemedical.com\/2026\/04\/Avantages-meconnus-de-temoignages-de-patients-en-convalescence-2-480x274.jpg 480w, https:\/\/media.sostourismemedical.com\/2026\/04\/Avantages-meconnus-de-temoignages-de-patients-en-convalescence-2-175x100.jpg 175w\" sizes=\"(max-width:767px) 480px, (max-width:1344px) 100vw, 1344px\" \/><\/figure>\n\n<h2 class=\"wp-block-heading\">Dimension humaine et scientifique : l\u2019\u00e9quilibre au c\u0153ur de Neuroth\u00e9rapie Montr\u00e9al<\/h2>\n\n<p>Philippe Mazaltarim d\u00e9veloppe chez Neuroth\u00e9rapie Montr\u00e9al une approche unique, \u00e0 la crois\u00e9e entre innovation scientifique et bienveillance humaine. Expert en stimulation magn\u00e9tique transcr\u00e2nienne r\u00e9p\u00e9titive (rTMS) et autres techniques avanc\u00e9es comme BrainPort ou PoNS, il int\u00e8gre dans son suivi un souci permanent d\u2019\u00e9coute, de communication authentique et d\u2019\u00e9ducation du patient.<\/p>\n\n<p>Cette posture favorise une adh\u00e9sion optimale aux traitements et encourage un dialogue ouvert sur les effets post-op\u00e9ratoires, notamment en cas de douleurs chroniques ou de troubles psychologiques comme la d\u00e9pression ou l\u2019anxi\u00e9t\u00e9. Cet accompagnement valorise la r\u00e9silience en s\u2019appuyant sur des t\u00e9moignages patients recueillis r\u00e9guli\u00e8rement, qui alimentent la compr\u00e9hension fine des besoins sp\u00e9cifiques post-chirurgicaux.<\/p>\n\n<p>Neuroth\u00e9rapie Montr\u00e9al se distingue \u00e9galement par son implication dans la recherche clinique et l\u2019adaptation constante des protocoles th\u00e9rapeutiques. Philippe collabore activement \u00e0 l\u2019\u00e9volution des pratiques, faisant de la neuromodulation un levier clinique essentiel pour optimiser la r\u00e9cup\u00e9ration fonctionnelle apr\u00e8s une chirurgie du rachis.<\/p>\n\n<p>La dimension humaine transpara\u00eet dans chaque contact, o\u00f9 le patient est reconnu dans sa globalit\u00e9. L\u2019approche ne se limite pas \u00e0 la simple gestion de la douleur ou du handicap, mais vise \u00e0 restaurer le bien-\u00eatre global, favorisant la reprise d\u2019une vie active et \u00e9panouie.<\/p>\n\n<h2 class=\"wp-block-heading\">Exemples concrets de t\u00e9moignages et impact sur le parcours de convalescence<\/h2>\n\n<p>Pour illustrer ces principes, voici quelques sc\u00e9narios types qui d\u00e9montrent la richesse du partage d\u2019exp\u00e9rience dans le cadre de la convalescence post-chirurgicale :<\/p>\n\n<ol class=\"wp-block-list\"><li><strong>Philippe, 45 ans, retour au sport apr\u00e8s fusion lombaire :<\/strong> Apr\u00e8s une chirurgie complexe en France, Philippe a b\u00e9n\u00e9fici\u00e9 d\u2019un suivi personnalis\u00e9 \u00e0 Neuroth\u00e9rapie Montr\u00e9al. Gr\u00e2ce \u00e0 la rTMS et \u00e0 un programme progressif de r\u00e9adaptation, il a pu reprendre la course en moins de 6 mois, avec un soulagement notable de ses douleurs chroniques persistantes.<\/li><li><strong>L\u00e9a, 38 ans, gestion du syndrome post-laminectomie :<\/strong> L\u2019utilisation cibl\u00e9e de la stimulation magn\u00e9tique r\u00e9p\u00e9titive a permis de diminuer significativement l\u2019inconfort neuropathique ressenti par L\u00e9a. Son t\u00e9moignage souligne l\u2019importance du suivi pluridisciplinaire et du soutien psychologique pour maintenir un moral positif.<\/li><li><strong>Marc, 52 ans, combat contre la d\u00e9pression post-op\u00e9ratoire :<\/strong> Le parcours de Marc est un exemple remarquable d\u2019int\u00e9gration des neurosciences dans la prise en charge globale. Accompagn\u00e9 par Neuroth\u00e9rapie Montr\u00e9al, il a b\u00e9n\u00e9fici\u00e9 d\u2019un soutien rTMS compl\u00e9t\u00e9 par une \u00e9coute attentive, renfor\u00e7ant sa motivation et sa r\u00e9silience pendant sa convalescence.<\/li><\/ol>\n\n<p>Ces r\u00e9cits, combin\u00e9s \u00e0 une expertise scientifique pointue et un accompagnement empathique, illustrent comment les avantages m\u00e9connus des t\u00e9moignages patients \u00e9clairent et dynamisent le processus de r\u00e9cup\u00e9ration, renfor\u00e7ant la confiance et la r\u00e9ussite des soins.<\/p>\n\n<p>Pour approfondir ces aspects et b\u00e9n\u00e9ficier d\u2019un accompagnement adapt\u00e9, n\u2019h\u00e9sitez pas \u00e0 contacter Neuroth\u00e9rapie Montr\u00e9al. Vous pouvez \u00e9galement en savoir plus sur les solutions avanc\u00e9es de neuromodulation et le suivi sp\u00e9cialis\u00e9 apr\u00e8s chirurgie du rachis directement sur <a href=\"https:\/\/www.sostourismemedical.com\/avantages-meconnus-de-temoignages-de-patients-en-convalescence\/\">SOS Tourisme M\u00e9dical<\/a> et <a href=\"https:\/\/www.neuromtl.com\" target=\"_blank\" rel=\"noopener\">Neuroth\u00e9rapie Montr\u00e9al<\/a>.<\/p>\n\n<figure class=\"wp-block-image size-full\"><img decoding=\"async\" width=\"1344\" height=\"768\" src=\"https:\/\/media.sostourismemedical.com\/2026\/04\/Avantages-meconnus-de-temoignages-de-patients-en-convalescence-3.jpg\" alt=\"d\u00e9couvrez les avantages m\u00e9connus des t\u00e9moignages de patients en convalescence et leur impact positif sur le r\u00e9tablissement et le soutien \u00e9motionnel.\" class=\"wp-image-105373\" title=\"\" srcset=\"https:\/\/media.sostourismemedical.com\/2026\/04\/Avantages-meconnus-de-temoignages-de-patients-en-convalescence-3.jpg 1344w, https:\/\/media.sostourismemedical.com\/2026\/04\/Avantages-meconnus-de-temoignages-de-patients-en-convalescence-3-500x286.jpg 500w, https:\/\/media.sostourismemedical.com\/2026\/04\/Avantages-meconnus-de-temoignages-de-patients-en-convalescence-3-1200x686.jpg 1200w, https:\/\/media.sostourismemedical.com\/2026\/04\/Avantages-meconnus-de-temoignages-de-patients-en-convalescence-3-300x171.jpg 300w, https:\/\/media.sostourismemedical.com\/2026\/04\/Avantages-meconnus-de-temoignages-de-patients-en-convalescence-3-768x439.jpg 768w, https:\/\/media.sostourismemedical.com\/2026\/04\/Avantages-meconnus-de-temoignages-de-patients-en-convalescence-3-18x10.jpg 18w, https:\/\/media.sostourismemedical.com\/2026\/04\/Avantages-meconnus-de-temoignages-de-patients-en-convalescence-3-360x206.jpg 360w, https:\/\/media.sostourismemedical.com\/2026\/04\/Avantages-meconnus-de-temoignages-de-patients-en-convalescence-3-131x75.jpg 131w, https:\/\/media.sostourismemedical.com\/2026\/04\/Avantages-meconnus-de-temoignages-de-patients-en-convalescence-3-480x274.jpg 480w, https:\/\/media.sostourismemedical.com\/2026\/04\/Avantages-meconnus-de-temoignages-de-patients-en-convalescence-3-175x100.jpg 175w\" sizes=\"(max-width:767px) 480px, (max-width:1344px) 100vw, 1344px\" \/><\/figure>\n\n\n{\u00ab\u00a0@context\u00a0\u00bb:\u00a0\u00bbhttps:\/\/schema.org\u00a0\u00bb,\u00a0\u00bb@type\u00a0\u00bb:\u00a0\u00bbFAQPage\u00a0\u00bb,\u00a0\u00bbmainEntity\u00a0\u00bb:[{\u00ab\u00a0@type\u00a0\u00bb:\u00a0\u00bbQuestion\u00a0\u00bb,\u00a0\u00bbname\u00a0\u00bb:\u00a0\u00bbQuels sont les principaux avantages des tu00e9moignages de patients en convalescence ?\u00a0\u00bb,\u00a0\u00bbacceptedAnswer\u00a0\u00bb:{\u00ab\u00a0@type\u00a0\u00bb:\u00a0\u00bbAnswer\u00a0\u00bb,\u00a0\u00bbtext\u00a0\u00bb:\u00a0\u00bbIls renforcent la motivation, ru00e9duisent lu2019anxiu00e9tu00e9, amu00e9liorent la communication avec lu2019u00e9quipe mu00e9dicale et favorisent la ru00e9silience u00e9motionnelle.\u00a0\u00bb}},{\u00ab\u00a0@type\u00a0\u00bb:\u00a0\u00bbQuestion\u00a0\u00bb,\u00a0\u00bbname\u00a0\u00bb:\u00a0\u00bbComment la rTMS contribue-t-elle u00e0 la ru00e9cupu00e9ration apru00e8s chirurgie du rachis ?\u00a0\u00bb,\u00a0\u00bbacceptedAnswer\u00a0\u00bb:{\u00ab\u00a0@type\u00a0\u00bb:\u00a0\u00bbAnswer\u00a0\u00bb,\u00a0\u00bbtext\u00a0\u00bb:\u00a0\u00bbLa stimulation magnu00e9tique transcru00e2nienne ru00e9pu00e9titive aide u00e0 diminuer les douleurs neuropathiques et soutien le moral des patients, facilitant une meilleure adaptation post-opu00e9ratoire.\u00a0\u00bb}},{\u00ab\u00a0@type\u00a0\u00bb:\u00a0\u00bbQuestion\u00a0\u00bb,\u00a0\u00bbname\u00a0\u00bb:\u00a0\u00bbEn quoi la collaboration entre Quu00e9bec et France est-elle bu00e9nu00e9fique pour les patients ?\u00a0\u00bb,\u00a0\u00bbacceptedAnswer\u00a0\u00bb:{\u00ab\u00a0@type\u00a0\u00bb:\u00a0\u00bbAnswer\u00a0\u00bb,\u00a0\u00bbtext\u00a0\u00bb:\u00a0\u00bbCette coopu00e9ration assure un parcours transparent et su00e9curisu00e9, de la pru00e9paration pru00e9-opu00e9ratoire en France au suivi personnalisu00e9 et innovant au Canada.\u00a0\u00bb}},{\u00ab\u00a0@type\u00a0\u00bb:\u00a0\u00bbQuestion\u00a0\u00bb,\u00a0\u00bbname\u00a0\u00bb:\u00a0\u00bbQuel est le ru00f4le de Neurothu00e9rapie Montru00e9al dans le suivi post-opu00e9ratoire ?\u00a0\u00bb,\u00a0\u00bbacceptedAnswer\u00a0\u00bb:{\u00ab\u00a0@type\u00a0\u00bb:\u00a0\u00bbAnswer\u00a0\u00bb,\u00a0\u00bbtext\u00a0\u00bb:\u00a0\u00bbNeurothu00e9rapie Montru00e9al coordonne le suivi neurofonctionnel, ajuste les protocoles de neuromodulation et propose un accompagnement individualisu00e9 pour optimiser la convalescence.\u00a0\u00bb}},{\u00ab\u00a0@type\u00a0\u00bb:\u00a0\u00bbQuestion\u00a0\u00bb,\u00a0\u00bbname\u00a0\u00bb:\u00a0\u00bbu00c0 quel moment peut-on reprendre le sport apru00e8s une chirurgie du dos ?\u00a0\u00bb,\u00a0\u00bbacceptedAnswer\u00a0\u00bb:{\u00ab\u00a0@type\u00a0\u00bb:\u00a0\u00bbAnswer\u00a0\u00bb,\u00a0\u00bbtext\u00a0\u00bb:\u00a0\u00bbLa reprise du00e9pend du type de chirurgie mais, en gu00e9nu00e9ral, elle intervient entre 8 u00e0 24 semaines selon la complexitu00e9, avec un accompagnement spu00e9cialisu00e9 pour su00e9curiser cette u00e9tape.\u00a0\u00bb}}]}\n\n<h3>Quels sont les principaux avantages des t\u00e9moignages de patients en convalescence ?<\/h3>\n<p>Ils renforcent la motivation, r\u00e9duisent l\u2019anxi\u00e9t\u00e9, am\u00e9liorent la communication avec l\u2019\u00e9quipe m\u00e9dicale et favorisent la r\u00e9silience \u00e9motionnelle.<\/p>\n<h3>Comment la rTMS contribue-t-elle \u00e0 la r\u00e9cup\u00e9ration apr\u00e8s chirurgie du rachis ?<\/h3>\n<p>La stimulation magn\u00e9tique transcr\u00e2nienne r\u00e9p\u00e9titive aide \u00e0 diminuer les douleurs neuropathiques et soutien le moral des patients, facilitant une meilleure adaptation post-op\u00e9ratoire.<\/p>\n<h3>En quoi la collaboration entre Qu\u00e9bec et France est-elle b\u00e9n\u00e9fique pour les patients ?<\/h3>\n<p>Cette coop\u00e9ration assure un parcours transparent et s\u00e9curis\u00e9, de la pr\u00e9paration pr\u00e9-op\u00e9ratoire en France au suivi personnalis\u00e9 et innovant au Canada.<\/p>\n<h3>Quel est le r\u00f4le de Neuroth\u00e9rapie Montr\u00e9al dans le suivi post-op\u00e9ratoire ?<\/h3>\n<p>Neuroth\u00e9rapie Montr\u00e9al coordonne le suivi neurofonctionnel, ajuste les protocoles de neuromodulation et propose un accompagnement individualis\u00e9 pour optimiser la convalescence.<\/p>\n<h3>\u00c0 quel moment peut-on reprendre le sport apr\u00e8s une chirurgie du dos ?<\/h3>\n<p>La reprise d\u00e9pend du type de chirurgie mais, en g\u00e9n\u00e9ral, elle intervient entre 8 \u00e0 24 semaines selon la complexit\u00e9, avec un accompagnement sp\u00e9cialis\u00e9 pour s\u00e9curiser cette \u00e9tape.<\/p>\n\n<style>\r\n.lwrp.link-whisper-related-posts{\r\n            \r\n            margin-top: 40px;\nmargin-bottom: 30px;\r\n        }\r\n        .lwrp .lwrp-title{\r\n            \r\n            \r\n        }.lwrp .lwrp-description{\r\n            \r\n            \r\n\r\n        }\r\n        .lwrp .lwrp-list-container{\r\n        }\r\n        .lwrp .lwrp-list-multi-container{\r\n            display: flex;\r\n        }\r\n        .lwrp .lwrp-list-double{\r\n            width: 48%;\r\n        }\r\n        .lwrp .lwrp-list-triple{\r\n            width: 32%;\r\n        }\r\n        .lwrp .lwrp-list-row-container{\r\n            display: flex;\r\n            justify-content: space-between;\r\n        }\r\n        .lwrp .lwrp-list-row-container .lwrp-list-item{\r\n            width: calc(25% - 20px);\r\n        }\r\n        .lwrp .lwrp-list-item:not(.lwrp-no-posts-message-item){\r\n            \r\n            \r\n        }\r\n        .lwrp .lwrp-list-item img{\r\n            max-width: 100%;\r\n            height: auto;\r\n            object-fit: cover;\r\n            aspect-ratio: 1 \/ 1;\r\n        }\r\n        .lwrp .lwrp-list-item.lwrp-empty-list-item{\r\n            background: initial !important;\r\n        }\r\n        .lwrp .lwrp-list-item .lwrp-list-link .lwrp-list-link-title-text,\r\n        .lwrp .lwrp-list-item .lwrp-list-no-posts-message{\r\n            \r\n            \r\n            \r\n            \r\n        }@media screen and (max-width: 480px) {\r\n            .lwrp.link-whisper-related-posts{\r\n                \r\n                \r\n            }\r\n            .lwrp .lwrp-title{\r\n                \r\n                \r\n            }.lwrp .lwrp-description{\r\n                \r\n                \r\n            }\r\n            .lwrp .lwrp-list-multi-container{\r\n                flex-direction: column;\r\n            }\r\n            .lwrp .lwrp-list-multi-container ul.lwrp-list{\r\n                margin-top: 0px;\r\n                margin-bottom: 0px;\r\n                padding-top: 0px;\r\n                padding-bottom: 0px;\r\n            }\r\n            .lwrp .lwrp-list-double,\r\n            .lwrp .lwrp-list-triple{\r\n                width: 100%;\r\n            }\r\n            .lwrp .lwrp-list-row-container{\r\n                justify-content: initial;\r\n                flex-direction: column;\r\n            }\r\n            .lwrp .lwrp-list-row-container .lwrp-list-item{\r\n                width: 100%;\r\n            }\r\n            .lwrp .lwrp-list-item:not(.lwrp-no-posts-message-item){\r\n                \r\n                \r\n            }\r\n            .lwrp .lwrp-list-item .lwrp-list-link .lwrp-list-link-title-text,\r\n            .lwrp .lwrp-list-item .lwrp-list-no-posts-message{\r\n                \r\n                \r\n                \r\n                \r\n            };\r\n        }<\/style>\r\n<div id=\"link-whisper-related-posts-widget\" class=\"link-whisper-related-posts lwrp\">\r\n            <h3 class=\"lwrp-title\">Articles Similaires<\/h3>    \r\n        <div class=\"lwrp-list-container\">\r\n                                            <div class=\"lwrp-list-multi-container\">\r\n                    <ul class=\"lwrp-list lwrp-list-double lwrp-list-left\">\r\n                        <li class=\"lwrp-list-item\"><a href=\"https:\/\/www.sostourismemedical.com\/orientation-medicale-depuis-le-quebec-au-coeur-du-parcours-de-soin-2\/\" class=\"lwrp-list-link\"><span class=\"lwrp-list-link-title-text\">Orientation m\u00e9dicale depuis le Qu\u00e9bec au c\u0153ur du parcours de soin<\/span><\/a><\/li><li class=\"lwrp-list-item\"><a href=\"https:\/\/www.sostourismemedical.com\/evaluer-la-necessite-de-la-chirurgie-du-bas-du-dos-ce-que-vous-devez-savoir\/\" class=\"lwrp-list-link\"><span class=\"lwrp-list-link-title-text\">\u00c9valuer la n\u00e9cessit\u00e9 de la chirurgie du bas du dos : Ce que vous devez savoir<\/span><\/a><\/li><li class=\"lwrp-list-item\"><a href=\"https:\/\/www.sostourismemedical.com\/les-erreurs-a-eviter-avec-qualite-et-certification-des-dispositifs\/\" class=\"lwrp-list-link\"><span class=\"lwrp-list-link-title-text\">Les erreurs \u00e0 \u00e9viter avec qualit\u00e9 et certification des dispositifs<\/span><\/a><\/li><li class=\"lwrp-list-item\"><a href=\"https:\/\/www.sostourismemedical.com\/pourquoi-role-de-la-decompression-neurovertebrale-change-la-donne-pour-les-patients-quebecois-2\/\" class=\"lwrp-list-link\"><span class=\"lwrp-list-link-title-text\">Pourquoi r\u00f4le de la d\u00e9compression neurovert\u00e9brale change la donne pour les patients qu\u00e9b\u00e9cois<\/span><\/a><\/li>                    <\/ul>\r\n                    <ul class=\"lwrp-list lwrp-list-double lwrp-list-right\">\r\n                        <li class=\"lwrp-list-item\"><a href=\"https:\/\/www.sostourismemedical.com\/guide-pratique-pour-patients-en-chirurgie-en-france\/\" class=\"lwrp-list-link\"><span class=\"lwrp-list-link-title-text\">Guide pratique du patient qu\u00e9b\u00e9cois \u2013 FAQ &amp; Parcours de soins<\/span><\/a><\/li><li class=\"lwrp-list-item\"><a href=\"https:\/\/www.sostourismemedical.com\/solutions-non-chirurgicales-avant-denvisager-la-chirurgie-du-bas-du-dos\/\" class=\"lwrp-list-link\"><span class=\"lwrp-list-link-title-text\">Solutions non chirurgicales avant d&rsquo;envisager la chirurgie du bas du dos<\/span><\/a><\/li><li class=\"lwrp-list-item\"><a href=\"https:\/\/www.sostourismemedical.com\/avantages-meconnus-de-logistique-medicale-et-hebergement-3\/\" class=\"lwrp-list-link\"><span class=\"lwrp-list-link-title-text\">Avantages m\u00e9connus de logistique m\u00e9dicale et h\u00e9bergement<\/span><\/a><\/li><li class=\"lwrp-list-item\"><a href=\"https:\/\/www.sostourismemedical.com\/contact\/prendre-rendez-vous\/\" class=\"lwrp-list-link\"><span class=\"lwrp-list-link-title-text\">Prendre rendez-vous<\/span><\/a><\/li>                    <\/ul>\r\n                <\/div>\r\n                        <\/div>\r\n<\/div>","protected":false},"excerpt":{"rendered":"<p>Le parcours vers la gu\u00e9rison apr\u00e8s une chirurgie du dos ou du cou, surtout lorsqu\u2019il implique un d\u00e9placement international entre le Canada et la France, est<span class=\"excerpt-hellip\"> [\u2026]<\/span><\/p>\n","protected":false},"author":6,"featured_media":105370,"comment_status":"closed","ping_status":"closed","sticky":false,"template":"","format":"standard","meta":{"episode_type":"","audio_file":"","podmotor_file_id":"","podmotor_episode_id":"","cover_image":"","cover_image_id":"","duration":"","filesize":"","filesize_raw":"","date_recorded":"","explicit":"","block":"","itunes_episode_number":"","itunes_title":"","itunes_season_number":"","itunes_episode_type":"","footnotes":"","jetpack_publicize_message":"","jetpack_publicize_feature_enabled":true,"jetpack_social_post_already_shared":true,"jetpack_social_options":{"image_generator_settings":{"template":"highway","default_image_id":0,"font":"","enabled":false},"version":2}},"categories":[480],"tags":[210,323,170,223,212,242,90,279,221,280,220,247,95,241,287,281,202,166,248,33,291,189,181,222,92,16,267,162,187,330,319,215,70,335,331,244,172,182,195,325,329,306,332,167,226,13,227,283,12,32],"class_list":["post-105377","post","type-post","status-publish","format-standard","has-post-thumbnail","hentry","category-chirurgie-du-rachis","tag-active","tag-adaptation","tag-avantages","tag-bien-etre","tag-chirurgie","tag-clinique","tag-comment","tag-communication","tag-cou","tag-criteres","tag-dos","tag-douleur","tag-douleurs","tag-douleurs-chroniques","tag-et","tag-evaluation","tag-expertise","tag-faq","tag-fonction","tag-garantie","tag-guerison","tag-hebergement","tag-identification","tag-innovation","tag-les","tag-patient","tag-patients","tag-qualite-de-vie","tag-quebec","tag-r","tag-rachis","tag-readaptation","tag-recherche","tag-recuperation","tag-reeducation","tag-rendez-vous","tag-securite","tag-site","tag-soins","tag-soutien","tag-su","tag-suivi","tag-suivi-personnalise","tag-symptomes","tag-t","tag-technologie","tag-therapie","tag-tra","tag-traitement","tag-traitements"],"jetpack_publicize_connections":[],"jetpack_featured_media_url":"https:\/\/media.sostourismemedical.com\/2026\/04\/Avantages-meconnus-de-temoignages-de-patients-en-convalescence.jpg","_links":{"self":[{"href":"https:\/\/www.sostourismemedical.com\/en\/wp-json\/wp\/v2\/posts\/105377","targetHints":{"allow":["GET"]}}],"collection":[{"href":"https:\/\/www.sostourismemedical.com\/en\/wp-json\/wp\/v2\/posts"}],"about":[{"href":"https:\/\/www.sostourismemedical.com\/en\/wp-json\/wp\/v2\/types\/post"}],"author":[{"embeddable":true,"href":"https:\/\/www.sostourismemedical.com\/en\/wp-json\/wp\/v2\/users\/6"}],"replies":[{"embeddable":true,"href":"https:\/\/www.sostourismemedical.com\/en\/wp-json\/wp\/v2\/comments?post=105377"}],"version-history":[{"count":2,"href":"https:\/\/www.sostourismemedical.com\/en\/wp-json\/wp\/v2\/posts\/105377\/revisions"}],"predecessor-version":[{"id":105459,"href":"https:\/\/www.sostourismemedical.com\/en\/wp-json\/wp\/v2\/posts\/105377\/revisions\/105459"}],"wp:featuredmedia":[{"embeddable":true,"href":"https:\/\/www.sostourismemedical.com\/en\/wp-json\/wp\/v2\/media\/105370"}],"wp:attachment":[{"href":"https:\/\/www.sostourismemedical.com\/en\/wp-json\/wp\/v2\/media?parent=105377"}],"wp:term":[{"taxonomy":"category","embeddable":true,"href":"https:\/\/www.sostourismemedical.com\/en\/wp-json\/wp\/v2\/categories?post=105377"},{"taxonomy":"post_tag","embeddable":true,"href":"https:\/\/www.sostourismemedical.com\/en\/wp-json\/wp\/v2\/tags?post=105377"}],"curies":[{"name":"wp","href":"https:\/\/api.w.org\/{rel}","templated":true}]}}