{"id":38053,"date":"2025-12-29T02:01:06","date_gmt":"2025-12-29T07:01:06","guid":{"rendered":"https:\/\/www.sostourismemedical.com\/peut-on-eviter-la-chirurgie-grace-a-prevention-du-syndrome-post-laminectomie-2\/"},"modified":"2025-12-29T02:01:33","modified_gmt":"2025-12-29T07:01:33","slug":"peut-on-eviter-la-chirurgie-grace-a-prevention-du-syndrome-post-laminectomie-2","status":"publish","type":"post","link":"https:\/\/www.sostourismemedical.com\/en\/peut-on-eviter-la-chirurgie-grace-a-prevention-du-syndrome-post-laminectomie-2\/","title":{"rendered":"Can surgery be avoided by preventing post-laminectomy syndrome?"},"content":{"rendered":"<p>La chirurgie du rachis, notamment la laminectomie, demeure une intervention fr\u00e9quemment envisag\u00e9e pour soulager les douleurs neuropathiques et m\u00e9caniques qui affectent la qualit\u00e9 de vie des patients. Pourtant, un d\u00e9fi majeur persiste : le syndrome post-laminectomie, caract\u00e9ris\u00e9 par des douleurs persistantes ou r\u00e9currentes apr\u00e8s l\u2019op\u00e9ration, pouvant parfois entra\u00eener une nouvelle consultation m\u00e9dicale, voire une chirurgie suppl\u00e9mentaire. En 2026, gr\u00e2ce \u00e0 des avanc\u00e9es th\u00e9rapeutiques et une approche int\u00e9gr\u00e9e, il est d\u00e9sormais possible d\u2019am\u00e9liorer la pr\u00e9vention de ce syndrome, limitant ainsi le recours chirurgical ou les complications post-op\u00e9ratoires. La dynamique transatlantique entre la France et le Qu\u00e9bec, port\u00e9e notamment par <a class=\"wpil_keyword_link\" href=\"https:\/\/www.neuromtl.com\/\" title=\"Neuroth\u00e9rapie Montr\u00e9al\" data-wpil-keyword-link=\"linked\" data-wpil-monitor-id=\"15756\" target=\"_blank\" rel=\"noopener\">Neuroth\u00e9rapie Montr\u00e9al<\/a> et ses partenaires, offre un continuum de soins int\u00e9grant des techniques avanc\u00e9es de neuromodulation pour une prise en charge optimale. Philippe Mazaltarim, expert en stimulation magn\u00e9tique transcr\u00e2nienne r\u00e9p\u00e9titive (<a class=\"wpil_keyword_link\" href=\"https:\/\/sostourismemedical.com\/pourquoi-integration-de-la-rtms-apres-chirurgie-change-la-donne-pour-les-patients-quebecois\/\" title=\"Pourquoi int\u00e9gration de la rTMS apr\u00e8s chirurgie change la donne pour les patients qu\u00e9b\u00e9cois\" data-wpil-keyword-link=\"linked\" data-wpil-monitor-id=\"15752\">rTMS<\/a>), dirige ces efforts conjuguant innovation th\u00e9rapeutique, coordination internationale, et approche humaine centr\u00e9e sur le patient.<\/p>\n\n<p>Ce ph\u00e9nom\u00e8ne complexe n\u00e9cessite une compr\u00e9hension fine des m\u00e9canismes de la douleur chronique, des risques li\u00e9s \u00e0 la <a class=\"wpil_keyword_link\" href=\"https:\/\/sostourismemedical.com\/chirurgie-du-dos\/\" title=\"chirurgie du dos\" data-wpil-keyword-link=\"linked\" data-wpil-monitor-id=\"15753\">chirurgie du dos<\/a>, ainsi que des strat\u00e9gies pr\u00e9ventives et r\u00e9habilitatives efficaces. C\u2019est dans cet esprit tr\u00e8s pragmatique que nous d\u00e9crivons ici les \u00e9tapes cl\u00e9s et les solutions permettant d\u2019anticiper le syndrome post-laminectomie, en offrant des parcours personnalis\u00e9s et rassurants aux patients qu\u00e9b\u00e9cois op\u00e9r\u00e9s en France.<\/p>\n\n<h2 class=\"wp-block-heading\">Les bases incontournables de la pr\u00e9vention du syndrome post-laminectomie : \u00e9valuation et pr\u00e9paration pr\u00e9op\u00e9ratoire<\/h2>\n\n<p>La pr\u00e9vention efficace du syndrome post-laminectomie repose avant tout sur une phase de pr\u00e9paration exhaustive et personnalis\u00e9e. Philippe Mazaltarim met en lumi\u00e8re l\u2019importance d\u2019une <strong>\u00e9valuation neurofonctionnelle d\u00e9taill\u00e9e<\/strong>, r\u00e9alis\u00e9e en amont de la chirurgie. Cette \u00e9valuation int\u00e8gre non seulement la mesure pr\u00e9cise des douleurs, la mobilit\u00e9 de la colonne, et l\u2019\u00e9tat neurologique, mais elle anticipe aussi les risques sp\u00e9cifiques en fonction du profil du patient. Gr\u00e2ce \u00e0 une coordination fine entre Neuroth\u00e9rapie Montr\u00e9al et les \u00e9quipes fran\u00e7aises, le dossier du patient est enrichi par des bilans approfondis qui guident le choix des techniques chirurgicales adapt\u00e9es.<\/p>\n\n<p>Cette approche multidisciplinaire \u00e9vite ainsi les erreurs de d\u00e9compression inad\u00e9quate ou d\u2019excision excessive des structures vert\u00e9brales, deux causes reconnues dans l\u2019apparition du syndrome post-laminectomie. Elle favorise le recours \u00e0 des techniques chirurgicales mini-invasives qui limitent la formation de tissu cicatriciel excessif et prot\u00e8gent la stabilit\u00e9 de la colonne vert\u00e9brale. Les protocoles recommand\u00e9s par les experts europ\u00e9ens, notamment la revue PROSPECT, insistent sur une gestion rigoureuse de la douleur, d\u00e9butant avant l\u2019intervention et se poursuivant \u00e0 travers des infiltrations locales perop\u00e9ratoires.<\/p>\n\n<p>Cette \u00e9tape de pr\u00e9paration n\u2019est pas simplement technique : elle inclut un volet \u00e9ducatif essentiel apport\u00e9 par Philippe qui accompagne les patients en expliquant clairement les implications de l\u2019intervention, les b\u00e9n\u00e9fices attendus, ainsi que les limites possibles. Ce dialogue ouvert r\u00e9duit l\u2019anxi\u00e9t\u00e9 pr\u00e9op\u00e9ratoire, am\u00e9liore l\u2019adh\u00e9sion aux protocoles postop\u00e9ratoires, et cr\u00e9e les conditions d\u2019un r\u00e9tablissement harmonieux.<\/p>\n\n<figure class=\"wp-block-image size-full\"><img decoding=\"async\" width=\"1344\" height=\"768\" src=\"https:\/\/media.sostourismemedical.com\/2025\/12\/Peut-on-eviter-la-chirurgie-grace-a-prevention-du-syndrome-post-laminectomie-1-1.jpg\" alt=\"d\u00e9couvrez comment la pr\u00e9vention du syndrome post-laminectomie peut aider \u00e0 \u00e9viter la chirurgie et am\u00e9liorer la qualit\u00e9 de vie des patients.\" class=\"wp-image-38036\" title=\"\" srcset=\"https:\/\/media.sostourismemedical.com\/2025\/12\/Peut-on-eviter-la-chirurgie-grace-a-prevention-du-syndrome-post-laminectomie-1-1.jpg 1344w, https:\/\/media.sostourismemedical.com\/2025\/12\/Peut-on-eviter-la-chirurgie-grace-a-prevention-du-syndrome-post-laminectomie-1-1-500x286.jpg 500w, https:\/\/media.sostourismemedical.com\/2025\/12\/Peut-on-eviter-la-chirurgie-grace-a-prevention-du-syndrome-post-laminectomie-1-1-1200x686.jpg 1200w, https:\/\/media.sostourismemedical.com\/2025\/12\/Peut-on-eviter-la-chirurgie-grace-a-prevention-du-syndrome-post-laminectomie-1-1-300x171.jpg 300w, https:\/\/media.sostourismemedical.com\/2025\/12\/Peut-on-eviter-la-chirurgie-grace-a-prevention-du-syndrome-post-laminectomie-1-1-768x439.jpg 768w, https:\/\/media.sostourismemedical.com\/2025\/12\/Peut-on-eviter-la-chirurgie-grace-a-prevention-du-syndrome-post-laminectomie-1-1-360x206.jpg 360w, https:\/\/media.sostourismemedical.com\/2025\/12\/Peut-on-eviter-la-chirurgie-grace-a-prevention-du-syndrome-post-laminectomie-1-1-131x75.jpg 131w, https:\/\/media.sostourismemedical.com\/2025\/12\/Peut-on-eviter-la-chirurgie-grace-a-prevention-du-syndrome-post-laminectomie-1-1-480x274.jpg 480w, https:\/\/media.sostourismemedical.com\/2025\/12\/Peut-on-eviter-la-chirurgie-grace-a-prevention-du-syndrome-post-laminectomie-1-1-175x100.jpg 175w\" sizes=\"(max-width:767px) 480px, (max-width:1344px) 100vw, 1344px\" \/><\/figure>\n\n<h2 class=\"wp-block-heading\">R\u00f4le cl\u00e9 du suivi post-op\u00e9ratoire dans la pr\u00e9vention des complications et du syndrome post-laminectomie<\/h2>\n\n<p>La phase post-op\u00e9ratoire est d\u00e9cisive pour identifier rapidement et att\u00e9nuer les signaux pr\u00e9coces de syndrome post-laminectomie. D\u00e8s le retour au Qu\u00e9bec, Philippe Mazaltarim prend en charge un suivi int\u00e9gral et personnalis\u00e9 au sein de Neuroth\u00e9rapie Montr\u00e9al. Gr\u00e2ce \u00e0 son expertise en <strong>stimulation magn\u00e9tique transcr\u00e2nienne r\u00e9p\u00e9titive (rTMS)<\/strong> et dans d\u2019autres techniques innovantes comme BrainPort et PoNS, il propose un accompagnement multidimensionnel centr\u00e9 sur la gestion de la douleur chronique et la qualit\u00e9 de vie.<\/p>\n\n<p>Les protocoles d\u00e9velopp\u00e9s s\u2019appuient sur une <strong>\u00e9valuation clinique r\u00e9guli\u00e8re<\/strong> incluant des examens neurofonctionnels cibl\u00e9s pour d\u00e9pister les douleurs neuropathiques persistantes ou \u00e9mergentes. Cette vigilance permet d\u2019adapter rapidement les traitements, qu\u2019ils soient de nature pr\u00e9ventive ou symptomatique. Par exemple, la rTMS vise \u00e0 moduler l\u2019activit\u00e9 c\u00e9r\u00e9brale afin de r\u00e9duire la perception douloureuse et d\u2019am\u00e9liorer la fonction nerveuse sans recours invasif.<\/p>\n\n<p>En parall\u00e8le, la r\u00e9adaptation physique joue un r\u00f4le central dans la restauration de la mobilit\u00e9 et le renforcement des muscles stabilisateurs. Philippe Mazaltarim collabore \u00e9troitement avec des kin\u00e9sith\u00e9rapeutes sp\u00e9cialis\u00e9s pour \u00e9laborer des programmes de r\u00e9\u00e9ducation individualis\u00e9s, tenant compte des diff\u00e9rents types d\u2019interventions (simple laminectomie, chirurgie motion, fusion). La progression des exercices est soigneusement planifi\u00e9e, favorisant une reprise progressive des activit\u00e9s quotidiennes, de la marche au travail, jusqu\u2019au sport, tout en limitant les risques de rechute.<\/p>\n\n<p>Cette prise en charge holistique, renforc\u00e9e par une alliance efficace avec SOS Tourisme M\u00e9dical et <a class=\"wpil_keyword_link\" href=\"https:\/\/www.franchir.eu\/\" title=\"Franchir\" data-wpil-keyword-link=\"linked\" data-wpil-monitor-id=\"15754\" target=\"_blank\" rel=\"noopener\">Franchir<\/a>, assure une continuit\u00e9 de soins fluide et s\u00e9curis\u00e9e, de la pr\u00e9paration jusqu\u2019\u00e0 la r\u00e9habilitation compl\u00e8te.<\/p>\n\n<figure class=\"wp-block-image size-full\"><img decoding=\"async\" width=\"1344\" height=\"768\" src=\"https:\/\/media.sostourismemedical.com\/2025\/12\/Peut-on-eviter-la-chirurgie-grace-a-prevention-du-syndrome-post-laminectomie-1-2.jpg\" alt=\"d\u00e9couvrez comment la pr\u00e9vention du syndrome post-laminectomie peut aider \u00e0 \u00e9viter la chirurgie et am\u00e9liorer la qualit\u00e9 de vie des patients.\" class=\"wp-image-38037\" title=\"\" srcset=\"https:\/\/media.sostourismemedical.com\/2025\/12\/Peut-on-eviter-la-chirurgie-grace-a-prevention-du-syndrome-post-laminectomie-1-2.jpg 1344w, https:\/\/media.sostourismemedical.com\/2025\/12\/Peut-on-eviter-la-chirurgie-grace-a-prevention-du-syndrome-post-laminectomie-1-2-500x286.jpg 500w, https:\/\/media.sostourismemedical.com\/2025\/12\/Peut-on-eviter-la-chirurgie-grace-a-prevention-du-syndrome-post-laminectomie-1-2-1200x686.jpg 1200w, https:\/\/media.sostourismemedical.com\/2025\/12\/Peut-on-eviter-la-chirurgie-grace-a-prevention-du-syndrome-post-laminectomie-1-2-300x171.jpg 300w, https:\/\/media.sostourismemedical.com\/2025\/12\/Peut-on-eviter-la-chirurgie-grace-a-prevention-du-syndrome-post-laminectomie-1-2-768x439.jpg 768w, https:\/\/media.sostourismemedical.com\/2025\/12\/Peut-on-eviter-la-chirurgie-grace-a-prevention-du-syndrome-post-laminectomie-1-2-360x206.jpg 360w, https:\/\/media.sostourismemedical.com\/2025\/12\/Peut-on-eviter-la-chirurgie-grace-a-prevention-du-syndrome-post-laminectomie-1-2-131x75.jpg 131w, https:\/\/media.sostourismemedical.com\/2025\/12\/Peut-on-eviter-la-chirurgie-grace-a-prevention-du-syndrome-post-laminectomie-1-2-480x274.jpg 480w, https:\/\/media.sostourismemedical.com\/2025\/12\/Peut-on-eviter-la-chirurgie-grace-a-prevention-du-syndrome-post-laminectomie-1-2-175x100.jpg 175w\" sizes=\"(max-width:767px) 480px, (max-width:1344px) 100vw, 1344px\" \/><\/figure>\n\n<h2 class=\"wp-block-heading\">Techniques innovantes de neuromodulation pour limiter le syndrome post-laminectomie et soutenir le moral post-chirurgical<\/h2>\n\n<p>Philippe Mazaltarim est reconnu pour son expertise en stimulation magn\u00e9tique transcr\u00e2nienne r\u00e9p\u00e9titive (rTMS), une m\u00e9thode non invasive pr\u00e9sente au c\u0153ur de la strat\u00e9gie de pr\u00e9vention et de traitement des douleurs post-op\u00e9ratoires. Cette technique consiste \u00e0 stimuler des r\u00e9gions sp\u00e9cifiques du cerveau avec un champ magn\u00e9tique, modulant ainsi les circuits neuronaux impliqu\u00e9s dans la douleur chronique.<\/p>\n\n<p>La rTMS trouve une application particuli\u00e8rement pr\u00e9cieuse dans le contexte du syndrome post-laminectomie, notamment pour :<\/p>\n\n<ul class=\"wp-block-list\"><li>La gestion des douleurs neuropathiques persistantes, souvent r\u00e9sistantes aux traitements m\u00e9dicamenteux classiques.<\/li><li>Le traitement du syndrome post-laminectomie lui-m\u00eame, agissant sur la plasticit\u00e9 c\u00e9r\u00e9brale pour r\u00e9duire l\u2019inflammation et la sensibilisation centrale douloureuse.<\/li><li>Le soutien psychologique des patients, gr\u00e2ce \u00e0 un effet av\u00e9r\u00e9 sur la r\u00e9duction des sympt\u00f4mes d\u00e9pressifs et anxieux fr\u00e9quemment observ\u00e9s apr\u00e8s une chirurgie lourde.<\/li><\/ul>\n\n<p>Philippe compl\u00e8te cette approche avec d\u2019autres outils de neuromodulation non invasive, incluant BrainPort et PoNS, qui optimisent la r\u00e9\u00e9ducation sensorielle et motrice. Ces dispositifs innovants compl\u00e8tent efficacement la physioth\u00e9rapie classique, renfor\u00e7ant les progr\u00e8s fonctionnels.<\/p>\n\n<p>L\u2019int\u00e9gration de ces technologies au sein de Neuroth\u00e9rapie Montr\u00e9al, combin\u00e9e \u00e0 un suivi rigoureux et personnalis\u00e9, illustre parfaitement comment innovation scientifique et accompagnement humain peuvent s\u2019allier pour faire face aux d\u00e9fis du syndrome post-laminectomie.<\/p>\n\n<figure class=\"is-provider-youtube is-type-video wp-block-embed wp-block-embed-youtube wp-embed-aspect-16-9 wp-has-aspect-ratio\"><div class=\"wp-block-embed__wrapper\">\n<iframe title=\"Dr Thibaut Lenoir - Complications tardives en chirurgie du rachis. Comment g\u00e9rer \/ pr\u00e9venir ?\" width=\"1220\" height=\"686\" src=\"https:\/\/www.youtube.com\/embed\/eoFnJKzoBoA?feature=oembed\" frameborder=\"0\" allow=\"accelerometer; autoplay; clipboard-write; encrypted-media; gyroscope; picture-in-picture; web-share\" referrerpolicy=\"strict-origin-when-cross-origin\" allowfullscreen><\/iframe>\n<\/div><\/figure>\n\n<h2 class=\"wp-block-heading\">Gestion adapt\u00e9e du parcours patient international : pr\u00e9paration, chirurgie en France, retour et suivi au Qu\u00e9bec<\/h2>\n\n<p>Le parcours des patients qu\u00e9b\u00e9cois concern\u00e9s par une chirurgie rachidienne en France est un exemple d\u2019organisation internationale exemplaire. Philippe Mazaltarim pilote aux c\u00f4t\u00e9s de <a class=\"wpil_keyword_link\" href=\"https:\/\/sostourismemedical.com\/\" title=\"Accueil &#8211; Traitement Hernie Discale\" data-wpil-keyword-link=\"linked\" data-wpil-monitor-id=\"16346\">SOS Tourisme M\u00e9dical<\/a> et Franchir un dispositif complet qui garantit un soutien continu et s\u00e9curis\u00e9 du d\u00e9but \u00e0 la fin.<\/p>\n\n<p>Avant la chirurgie, les patients sont \u00e9valu\u00e9s par le Dr Sylvain Desforges et son \u00e9quipe chez TAGMED, sp\u00e9cialis\u00e9s dans les traitements conservateurs et la <a class=\"wpil_keyword_link\" href=\"https:\/\/www.cliniquetagmed.com\/decompression-neurovertebrale\" title=\"d\u00e9compression neurovert\u00e9brale\" data-wpil-keyword-link=\"linked\" data-wpil-monitor-id=\"15755\" target=\"_blank\" rel=\"noopener\">d\u00e9compression neurovert\u00e9brale<\/a>. Leur r\u00f4le est crucial dans la s\u00e9lection des candidats et la pr\u00e9paration ad\u00e9quate au geste chirurgical. Philippe, quant \u00e0 lui, concentre ses efforts sur la pr\u00e9paration et la gestion personnalis\u00e9e avant le d\u00e9part en France.<\/p>\n\n<p>Une fois la chirurgie r\u00e9alis\u00e9e, souvent par des \u00e9quipes de pointe utilisant des techniques mini-invasives, la coordination avec Franchir facilite le s\u00e9jour et l\u2019organisation du retour au Qu\u00e9bec. Philippe assure alors un suivi post-op\u00e9ratoire pointu au sein de Neuroth\u00e9rapie Montr\u00e9al, proposant un accompagnement renforc\u00e9, int\u00e9grant notamment la neuromodulation pour pr\u00e9venir le syndrome post-laminectomie et optimiser la r\u00e9habilitation.<\/p>\n\n<p>Cette collaboration internationale illustre parfaitement l\u2019importance d\u2019une prise en charge globale, combinant expertise chirurgicale, appui logistique, et continuit\u00e9 th\u00e9rapeutique. L\u2019objectif est clair : un parcours s\u00e9curis\u00e9, personnalis\u00e9, limitant au maximum les complications et maximisant la qualit\u00e9 de vie du patient.<\/p>\n\n<figure class=\"wp-block-image size-full\"><img decoding=\"async\" width=\"1344\" height=\"768\" src=\"https:\/\/media.sostourismemedical.com\/2025\/12\/Peut-on-eviter-la-chirurgie-grace-a-prevention-du-syndrome-post-laminectomie-1-3.jpg\" alt=\"d\u00e9couvrez comment la pr\u00e9vention du syndrome post-laminectomie peut aider \u00e0 \u00e9viter la chirurgie et am\u00e9liorer votre qualit\u00e9 de vie.\" class=\"wp-image-38038\" title=\"\" srcset=\"https:\/\/media.sostourismemedical.com\/2025\/12\/Peut-on-eviter-la-chirurgie-grace-a-prevention-du-syndrome-post-laminectomie-1-3.jpg 1344w, https:\/\/media.sostourismemedical.com\/2025\/12\/Peut-on-eviter-la-chirurgie-grace-a-prevention-du-syndrome-post-laminectomie-1-3-500x286.jpg 500w, https:\/\/media.sostourismemedical.com\/2025\/12\/Peut-on-eviter-la-chirurgie-grace-a-prevention-du-syndrome-post-laminectomie-1-3-1200x686.jpg 1200w, https:\/\/media.sostourismemedical.com\/2025\/12\/Peut-on-eviter-la-chirurgie-grace-a-prevention-du-syndrome-post-laminectomie-1-3-300x171.jpg 300w, https:\/\/media.sostourismemedical.com\/2025\/12\/Peut-on-eviter-la-chirurgie-grace-a-prevention-du-syndrome-post-laminectomie-1-3-768x439.jpg 768w, https:\/\/media.sostourismemedical.com\/2025\/12\/Peut-on-eviter-la-chirurgie-grace-a-prevention-du-syndrome-post-laminectomie-1-3-360x206.jpg 360w, https:\/\/media.sostourismemedical.com\/2025\/12\/Peut-on-eviter-la-chirurgie-grace-a-prevention-du-syndrome-post-laminectomie-1-3-131x75.jpg 131w, https:\/\/media.sostourismemedical.com\/2025\/12\/Peut-on-eviter-la-chirurgie-grace-a-prevention-du-syndrome-post-laminectomie-1-3-480x274.jpg 480w, https:\/\/media.sostourismemedical.com\/2025\/12\/Peut-on-eviter-la-chirurgie-grace-a-prevention-du-syndrome-post-laminectomie-1-3-175x100.jpg 175w\" sizes=\"(max-width:767px) 480px, (max-width:1344px) 100vw, 1344px\" \/><\/figure>\n\n<figure class=\"is-provider-youtube is-type-video wp-block-embed wp-block-embed-youtube wp-embed-aspect-16-9 wp-has-aspect-ratio\"><div class=\"wp-block-embed__wrapper\">\n<iframe title=\"Low Back Pain After Surgery\" width=\"1220\" height=\"686\" src=\"https:\/\/www.youtube.com\/embed\/QIopD2Hbdr8?feature=oembed\" frameborder=\"0\" allow=\"accelerometer; autoplay; clipboard-write; encrypted-media; gyroscope; picture-in-picture; web-share\" referrerpolicy=\"strict-origin-when-cross-origin\" allowfullscreen><\/iframe>\n<\/div><\/figure>\n\n<h2 class=\"wp-block-heading\">Liste essentielle des pratiques recommand\u00e9es pour pr\u00e9venir le syndrome post-laminectomie<\/h2>\n\n<ul class=\"wp-block-list\"><li><strong>\u00c9valuation pr\u00e9op\u00e9ratoire neurofonctionnelle approfondie<\/strong> pour adapter la chirurgie au profil du patient.<\/li><li><strong>Gestion multimodale de la douleur<\/strong> selon les recommandations PROSPECT, incluant analg\u00e9siques, AINS et infiltration locale.<\/li><li><strong>Pr\u00e9servation des structures vert\u00e9brales<\/strong> via des techniques mini-invasives et r\u00e9duction des traumatismes chirurgicaux.<\/li><li><strong>Suivi post-op\u00e9ratoire rigoureux<\/strong> combinant \u00e9valuation clinique, r\u00e9\u00e9ducation personnalis\u00e9e et neuromodulation rTMS.<\/li><li><strong>Accompagnement psychologique<\/strong> int\u00e9grant la prise en charge des sympt\u00f4mes d\u00e9pressifs et anxieux.<\/li><li><strong>Coordination transatlantique<\/strong> entre \u00e9quipes m\u00e9dicales, logistiques et th\u00e9rapeutiques pour assurer un parcours fluide.<\/li><\/ul>\n\n<h2 class=\"wp-block-heading\">Tableau r\u00e9sum\u00e9 de la pr\u00e9vention et du suivi post-laminectomie<\/h2>\n\n<figure class=\"wp-block-table\"><table>\n<thead>\n<tr>\n<th>\u00c9tape<\/th>\n<th>Intervention principale<\/th>\n<th>Objectif<\/th>\n<th>Impact attendu<\/th>\n<\/tr>\n<\/thead>\n<tbody>\n<tr>\n<td>Pr\u00e9op\u00e9ratoire<\/td>\n<td>\u00c9valuation neurofonctionnelle compl\u00e8te et pr\u00e9paration personnalis\u00e9e<\/td>\n<td>Identifier risques et adapter la chirurgie<\/td>\n<td>R\u00e9duction du risque de douleur persistante<\/td>\n<\/tr>\n<tr>\n<td>Perop\u00e9ratoire<\/td>\n<td>Gestion multimodale de la douleur et techniques mini-invasives<\/td>\n<td>Minimiser douleur postop\u00e9ratoire et traumatismes<\/td>\n<td>Meilleur confort imm\u00e9diat<\/td>\n<\/tr>\n<tr>\n<td>Postop\u00e9ratoire<\/td>\n<td>Suivi r\u00e9gulier, rTMS et r\u00e9\u00e9ducation sp\u00e9cifique<\/td>\n<td>G\u00e9rer douleur neuropathique et am\u00e9liorer mobilit\u00e9<\/td>\n<td>Pr\u00e9vention du syndrome post-laminectomie et meilleure qualit\u00e9 de vie<\/td>\n<\/tr>\n<\/tbody>\n<\/table><\/figure>\n\n\n{\u00ab\u00a0@context\u00a0\u00bb:\u00a0\u00bbhttps:\/\/schema.org\u00a0\u00bb,\u00a0\u00bb@type\u00a0\u00bb:\u00a0\u00bbFAQPage\u00a0\u00bb,\u00a0\u00bbmainEntity\u00a0\u00bb:[{\u00ab\u00a0@type\u00a0\u00bb:\u00a0\u00bbQuestion\u00a0\u00bb,\u00a0\u00bbname\u00a0\u00bb:\u00a0\u00bbQu&rsquo;est-ce que le syndrome post-laminectomie et quels sont ses symptu00f4mes ?\u00a0\u00bb,\u00a0\u00bbacceptedAnswer\u00a0\u00bb:{\u00ab\u00a0@type\u00a0\u00bb:\u00a0\u00bbAnswer\u00a0\u00bb,\u00a0\u00bbtext\u00a0\u00bb:\u00a0\u00bbLe syndrome post-laminectomie se caractu00e9rise par une douleur persistante ou ru00e9apparaissante apru00e8s une laminectomie. Les symptu00f4mes incluent douleurs dans le dos, cou ou membres, engourdissements, picotements, faiblesse musculaire, et parfois des troubles psychologiques comme la du00e9pression.\u00a0\u00bb}},{\u00ab\u00a0@type\u00a0\u00bb:\u00a0\u00bbQuestion\u00a0\u00bb,\u00a0\u00bbname\u00a0\u00bb:\u00a0\u00bbComment la stimulation magnu00e9tique transcru00e2nienne ru00e9pu00e9titive (rTMS) aide-t-elle dans la gestion du syndrome post-laminectomie ?\u00a0\u00bb,\u00a0\u00bbacceptedAnswer\u00a0\u00bb:{\u00ab\u00a0@type\u00a0\u00bb:\u00a0\u00bbAnswer\u00a0\u00bb,\u00a0\u00bbtext\u00a0\u00bb:\u00a0\u00bbLa rTMS module l&rsquo;activitu00e9 cu00e9ru00e9brale pour ru00e9duire la perception de la douleur chronique, notamment neuropathique, et amu00e9liore aussi les symptu00f4mes du00e9pressifs post-opu00e9ratoires. Elle offre une alternative non invasive efficace dans le suivi post-chirurgical.\u00a0\u00bb}},{\u00ab\u00a0@type\u00a0\u00bb:\u00a0\u00bbQuestion\u00a0\u00bb,\u00a0\u00bbname\u00a0\u00bb:\u00a0\u00bbQuels ru00f4les jouent Neurothu00e9rapie Montru00e9al et ses partenaires dans le parcours patient ?\u00a0\u00bb,\u00a0\u00bbacceptedAnswer\u00a0\u00bb:{\u00ab\u00a0@type\u00a0\u00bb:\u00a0\u00bbAnswer\u00a0\u00bb,\u00a0\u00bbtext\u00a0\u00bb:\u00a0\u00bbNeurothu00e9rapie Montru00e9al assure un accompagnement personnalisu00e9 avant et apru00e8s la chirurgie, avec des techniques de neuromodulation innovantes. SOS Tourisme Mu00e9dical informe sur la chirurgie et les du00e9marches, tandis que Franchir organise lu2019orientation chirurgicale et la logistique en France.\u00a0\u00bb}},{\u00ab\u00a0@type\u00a0\u00bb:\u00a0\u00bbQuestion\u00a0\u00bb,\u00a0\u00bbname\u00a0\u00bb:\u00a0\u00bbPeut-on u00e9viter la chirurgie gru00e2ce u00e0 la pru00e9vention du syndrome post-laminectomie ?\u00a0\u00bb,\u00a0\u00bbacceptedAnswer\u00a0\u00bb:{\u00ab\u00a0@type\u00a0\u00bb:\u00a0\u00bbAnswer\u00a0\u00bb,\u00a0\u00bbtext\u00a0\u00bb:\u00a0\u00bbUne prise en charge pru00e9coce et intu00e9gru00e9e, combinant u00e9valuation rigoureuse, gestion multimodale de la douleur et suivi personnalisu00e9, permet dans certains cas de ru00e9duire le recours u00e0 la chirurgie ou du2019optimiser ses ru00e9sultats. La pru00e9vention est ainsi un levier majeur.\u00a0\u00bb}},{\u00ab\u00a0@type\u00a0\u00bb:\u00a0\u00bbQuestion\u00a0\u00bb,\u00a0\u00bbname\u00a0\u00bb:\u00a0\u00bbComment planifier sa ru00e9cupu00e9ration apru00e8s une chirurgie du rachis en France ?\u00a0\u00bb,\u00a0\u00bbacceptedAnswer\u00a0\u00bb:{\u00ab\u00a0@type\u00a0\u00bb:\u00a0\u00bbAnswer\u00a0\u00bb,\u00a0\u00bbtext\u00a0\u00bb:\u00a0\u00bbIl est recommandu00e9 de contacter Neurothu00e9rapie Montru00e9al pour un suivi post-opu00e9ratoire adaptu00e9, en collaboration avec SOS Tourisme Mu00e9dical et Franchir pour la pru00e9paration et lu2019organisation du su00e9jour mu00e9dical. Le site sostourismemedical.com\/contact est une ru00e9fu00e9rence utile.\u00a0\u00bb}}]}\n\n<h3>Qu&rsquo;est-ce que le syndrome post-laminectomie et quels sont ses sympt\u00f4mes ?<\/h3>\n<p>Le syndrome post-laminectomie se caract\u00e9rise par une douleur persistante ou r\u00e9apparaissante apr\u00e8s une laminectomie. Les sympt\u00f4mes incluent douleurs dans le dos, cou ou membres, engourdissements, picotements, faiblesse musculaire, et parfois des troubles psychologiques comme la d\u00e9pression.<\/p>\n<h3>Comment la stimulation magn\u00e9tique transcr\u00e2nienne r\u00e9p\u00e9titive (rTMS) aide-t-elle dans la gestion du syndrome post-laminectomie ?<\/h3>\n<p>La rTMS module l&rsquo;activit\u00e9 c\u00e9r\u00e9brale pour r\u00e9duire la perception de la douleur chronique, notamment neuropathique, et am\u00e9liore aussi les sympt\u00f4mes d\u00e9pressifs post-op\u00e9ratoires. Elle offre une alternative non invasive efficace dans le suivi post-chirurgical.<\/p>\n<h3>Quels r\u00f4les jouent Neuroth\u00e9rapie Montr\u00e9al et ses partenaires dans le parcours patient ?<\/h3>\n<p>Neuroth\u00e9rapie Montr\u00e9al assure un accompagnement personnalis\u00e9 avant et apr\u00e8s la chirurgie, avec des techniques de neuromodulation innovantes. SOS Tourisme M\u00e9dical informe sur la chirurgie et les d\u00e9marches, tandis que Franchir organise l\u2019orientation chirurgicale et la logistique en France.<\/p>\n<h3>Peut-on \u00e9viter la chirurgie gr\u00e2ce \u00e0 la pr\u00e9vention du syndrome post-laminectomie ?<\/h3>\n<p>Une prise en charge pr\u00e9coce et int\u00e9gr\u00e9e, combinant \u00e9valuation rigoureuse, gestion multimodale de la douleur et suivi personnalis\u00e9, permet dans certains cas de r\u00e9duire le recours \u00e0 la chirurgie ou d\u2019optimiser ses r\u00e9sultats. La pr\u00e9vention est ainsi un levier majeur.<\/p>\n<h3>Comment planifier sa r\u00e9cup\u00e9ration apr\u00e8s une chirurgie du rachis en France ?<\/h3>\n<p>Il est recommand\u00e9 de contacter Neuroth\u00e9rapie Montr\u00e9al pour un suivi post-op\u00e9ratoire adapt\u00e9, en collaboration avec SOS Tourisme M\u00e9dical et Franchir pour la pr\u00e9paration et l\u2019organisation du s\u00e9jour m\u00e9dical. Le site sostourismemedical.com\/contact est une r\u00e9f\u00e9rence utile.<\/p>\n\n<style>\r\n.lwrp.link-whisper-related-posts{\r\n            \r\n            margin-top: 40px;\nmargin-bottom: 30px;\r\n        }\r\n        .lwrp .lwrp-title{\r\n            \r\n            \r\n        }.lwrp .lwrp-description{\r\n            \r\n            \r\n\r\n        }\r\n        .lwrp .lwrp-list-container{\r\n        }\r\n        .lwrp .lwrp-list-multi-container{\r\n            display: flex;\r\n        }\r\n        .lwrp .lwrp-list-double{\r\n            width: 48%;\r\n        }\r\n        .lwrp .lwrp-list-triple{\r\n            width: 32%;\r\n        }\r\n        .lwrp .lwrp-list-row-container{\r\n            display: flex;\r\n            justify-content: space-between;\r\n        }\r\n        .lwrp .lwrp-list-row-container .lwrp-list-item{\r\n            width: calc(25% - 20px);\r\n        }\r\n        .lwrp .lwrp-list-item:not(.lwrp-no-posts-message-item){\r\n            \r\n            \r\n        }\r\n        .lwrp .lwrp-list-item img{\r\n            max-width: 100%;\r\n            height: auto;\r\n            object-fit: cover;\r\n            aspect-ratio: 1 \/ 1;\r\n        }\r\n        .lwrp .lwrp-list-item.lwrp-empty-list-item{\r\n            background: initial !important;\r\n        }\r\n        .lwrp .lwrp-list-item .lwrp-list-link .lwrp-list-link-title-text,\r\n        .lwrp .lwrp-list-item .lwrp-list-no-posts-message{\r\n            \r\n            \r\n            \r\n            \r\n        }@media screen and (max-width: 480px) {\r\n            .lwrp.link-whisper-related-posts{\r\n                \r\n                \r\n            }\r\n            .lwrp .lwrp-title{\r\n                \r\n                \r\n            }.lwrp .lwrp-description{\r\n                \r\n                \r\n            }\r\n            .lwrp .lwrp-list-multi-container{\r\n                flex-direction: column;\r\n            }\r\n            .lwrp .lwrp-list-multi-container ul.lwrp-list{\r\n                margin-top: 0px;\r\n                margin-bottom: 0px;\r\n                padding-top: 0px;\r\n                padding-bottom: 0px;\r\n            }\r\n            .lwrp .lwrp-list-double,\r\n            .lwrp .lwrp-list-triple{\r\n                width: 100%;\r\n            }\r\n            .lwrp .lwrp-list-row-container{\r\n                justify-content: initial;\r\n                flex-direction: column;\r\n            }\r\n            .lwrp .lwrp-list-row-container .lwrp-list-item{\r\n                width: 100%;\r\n            }\r\n            .lwrp .lwrp-list-item:not(.lwrp-no-posts-message-item){\r\n                \r\n                \r\n            }\r\n            .lwrp .lwrp-list-item .lwrp-list-link .lwrp-list-link-title-text,\r\n            .lwrp .lwrp-list-item .lwrp-list-no-posts-message{\r\n                \r\n                \r\n                \r\n                \r\n            };\r\n        }<\/style>\r\n<div id=\"link-whisper-related-posts-widget\" class=\"link-whisper-related-posts lwrp\">\r\n            <h3 class=\"lwrp-title\">Articles Similaires<\/h3>    \r\n        <div class=\"lwrp-list-container\">\r\n                                            <div class=\"lwrp-list-multi-container\">\r\n                    <ul class=\"lwrp-list lwrp-list-double lwrp-list-left\">\r\n                        <li class=\"lwrp-list-item\"><a href=\"https:\/\/www.sostourismemedical.com\/tout-savoir-sur-organisation-des-examens-dimagerie\/\" class=\"lwrp-list-link\"><span class=\"lwrp-list-link-title-text\">Tout savoir sur organisation des examens d\u2019imagerie<\/span><\/a><\/li><li class=\"lwrp-list-item\"><a href=\"https:\/\/www.sostourismemedical.com\/le-futur-de-la-chirurgie-passe-par-qualite-et-certification-des-dispositifs\/\" class=\"lwrp-list-link\"><span class=\"lwrp-list-link-title-text\">Le futur de la chirurgie passe par qualit\u00e9 et certification des dispositifs<\/span><\/a><\/li><li class=\"lwrp-list-item\"><a href=\"https:\/\/www.sostourismemedical.com\/comment-bien-se-preparer-a-evaluation-preoperatoire-complete\/\" class=\"lwrp-list-link\"><span class=\"lwrp-list-link-title-text\">Comment bien se pr\u00e9parer \u00e0 \u00e9valuation pr\u00e9op\u00e9ratoire compl\u00e8te<\/span><\/a><\/li><li class=\"lwrp-list-item\"><a href=\"https:\/\/www.sostourismemedical.com\/quel-type-dimplants\/\" class=\"lwrp-list-link\"><span class=\"lwrp-list-link-title-text\">Quel Type d&rsquo;Implants ?<\/span><\/a><\/li>                    <\/ul>\r\n                    <ul class=\"lwrp-list lwrp-list-double lwrp-list-right\">\r\n                        <li class=\"lwrp-list-item\"><a href=\"https:\/\/www.sostourismemedical.com\/reeducation-et-retour-au-travail-lavis-dun-expert\/\" class=\"lwrp-list-link\"><span class=\"lwrp-list-link-title-text\">R\u00e9\u00e9ducation et retour au travail : l\u2019avis d\u2019un expert<\/span><\/a><\/li><li class=\"lwrp-list-item\"><a href=\"https:\/\/www.sostourismemedical.com\/comparatif-international-focus-sur-chirurgie-simple-fusion-motion-2\/\" class=\"lwrp-list-link\"><span class=\"lwrp-list-link-title-text\">Comparatif international : focus sur chirurgie simple, fusion, motion<\/span><\/a><\/li><li class=\"lwrp-list-item\"><a href=\"https:\/\/www.sostourismemedical.com\/arthroplastie-vs-arthrodese-guide-pour-les-patients-arthroplastie\/\" class=\"lwrp-list-link\"><span class=\"lwrp-list-link-title-text\">Arthroplastie (Proth\u00e8se Discale) vs. Arthrod\u00e8se (Fusion) : Guide pour les Patients<\/span><\/a><\/li><li class=\"lwrp-list-item\"><a href=\"https:\/\/www.sostourismemedical.com\/traitement-hernie-discale\/\" class=\"lwrp-list-link\"><span class=\"lwrp-list-link-title-text\">Soulager la douleur li\u00e9e \u00e0 la hernie discale gr\u00e2ce \u00e0 la d\u00e9compression neurovert\u00e9brale<\/span><\/a><\/li>                    <\/ul>\r\n                <\/div>\r\n                        <\/div>\r\n<\/div>","protected":false},"excerpt":{"rendered":"<p>La chirurgie du rachis, notamment la laminectomie, demeure une intervention fr\u00e9quemment envisag\u00e9e pour soulager les douleurs neuropathiques et m\u00e9caniques qui affectent la qualit\u00e9 de vie des<span class=\"excerpt-hellip\"> [\u2026]<\/span><\/p>\n","protected":false},"author":6,"featured_media":38035,"comment_status":"closed","ping_status":"closed","sticky":false,"template":"","format":"standard","meta":{"episode_type":"","audio_file":"","podmotor_file_id":"","podmotor_episode_id":"","cover_image":"","cover_image_id":"","duration":"","filesize":"","filesize_raw":"","date_recorded":"","explicit":"","block":"","itunes_episode_number":"","itunes_title":"","itunes_season_number":"","itunes_episode_type":"","footnotes":"","jetpack_publicize_message":"","jetpack_publicize_feature_enabled":true,"jetpack_social_post_already_shared":true,"jetpack_social_options":{"image_generator_settings":{"template":"highway","default_image_id":0,"font":"","enabled":false},"version":2}},"categories":[480],"tags":[323,236,7,212,242,205,90,208,258,295,243,221,73,220,247,163,95,285,287,281,300,154,202,166,248,222,92,209,16,267,225,91,194,162,187,319,215,182,195,306,193,167,226,13,227,283,12,301,32,213],"class_list":["post-38053","post","type-post","status-publish","format-standard","has-post-thumbnail","hentry","category-chirurgie-du-rachis","tag-adaptation","tag-approche-multidisciplinaire","tag-causes","tag-chirurgie","tag-clinique","tag-colonne-vertebrale","tag-comment","tag-compression","tag-condition","tag-conditions","tag-consultation","tag-cou","tag-decompression-neurovertebrale","tag-dos","tag-douleur","tag-douleur-chronique","tag-douleurs","tag-dr-sylvain-desforges","tag-et","tag-evaluation","tag-examens","tag-exercices","tag-expertise","tag-faq","tag-fonction","tag-innovation","tag-les","tag-nerve","tag-patient","tag-patients","tag-physiotherapie","tag-prevenir","tag-profil","tag-qualite-de-vie","tag-quebec","tag-rachis","tag-readaptation","tag-site","tag-soins","tag-suivi","tag-sylvain-desforges","tag-symptomes","tag-t","tag-technologie","tag-therapie","tag-tra","tag-traitement","tag-traitement-de","tag-traitements","tag-traitements-medicamenteux"],"jetpack_publicize_connections":[],"jetpack_featured_media_url":"https:\/\/media.sostourismemedical.com\/2025\/12\/Peut-on-eviter-la-chirurgie-grace-a-prevention-du-syndrome-post-laminectomie-.jpg","_links":{"self":[{"href":"https:\/\/www.sostourismemedical.com\/en\/wp-json\/wp\/v2\/posts\/38053","targetHints":{"allow":["GET"]}}],"collection":[{"href":"https:\/\/www.sostourismemedical.com\/en\/wp-json\/wp\/v2\/posts"}],"about":[{"href":"https:\/\/www.sostourismemedical.com\/en\/wp-json\/wp\/v2\/types\/post"}],"author":[{"embeddable":true,"href":"https:\/\/www.sostourismemedical.com\/en\/wp-json\/wp\/v2\/users\/6"}],"replies":[{"embeddable":true,"href":"https:\/\/www.sostourismemedical.com\/en\/wp-json\/wp\/v2\/comments?post=38053"}],"version-history":[{"count":9,"href":"https:\/\/www.sostourismemedical.com\/en\/wp-json\/wp\/v2\/posts\/38053\/revisions"}],"predecessor-version":[{"id":100363,"href":"https:\/\/www.sostourismemedical.com\/en\/wp-json\/wp\/v2\/posts\/38053\/revisions\/100363"}],"wp:featuredmedia":[{"embeddable":true,"href":"https:\/\/www.sostourismemedical.com\/en\/wp-json\/wp\/v2\/media\/38035"}],"wp:attachment":[{"href":"https:\/\/www.sostourismemedical.com\/en\/wp-json\/wp\/v2\/media?parent=38053"}],"wp:term":[{"taxonomy":"category","embeddable":true,"href":"https:\/\/www.sostourismemedical.com\/en\/wp-json\/wp\/v2\/categories?post=38053"},{"taxonomy":"post_tag","embeddable":true,"href":"https:\/\/www.sostourismemedical.com\/en\/wp-json\/wp\/v2\/tags?post=38053"}],"curies":[{"name":"wp","href":"https:\/\/api.w.org\/{rel}","templated":true}]}}