{"id":41221,"date":"2026-01-04T01:43:27","date_gmt":"2026-01-04T06:43:27","guid":{"rendered":"https:\/\/www.sostourismemedical.com\/orientation-medicale-depuis-le-quebec-temoignages-et-retours-dexperience\/"},"modified":"2026-01-04T01:44:01","modified_gmt":"2026-01-04T06:44:01","slug":"orientation-medicale-depuis-le-quebec-temoignages-et-retours-dexperience","status":"publish","type":"post","link":"https:\/\/www.sostourismemedical.com\/en\/orientation-medicale-depuis-le-quebec-temoignages-et-retours-dexperience\/","title":{"rendered":"Medical referrals from Quebec: testimonials and feedback"},"content":{"rendered":"<p>Face aux d\u00e9fis croissants rencontr\u00e9s par les patients qu\u00e9b\u00e9cois souffrant de pathologies du rachis, l\u2019orientation m\u00e9dicale internationale se pr\u00e9sente comme une solution innovante et rassurante. De plus en plus de patients choisissent de franchir l\u2019Atlantique pour b\u00e9n\u00e9ficier de techniques chirurgicales avanc\u00e9es en France, connues pour leur efficacit\u00e9 et leur rapidit\u00e9 d\u2019acc\u00e8s. Ce partenariat transatlantique repose sur une coordination fine entre diff\u00e9rents acteurs sp\u00e9cialis\u00e9s comme Neuroth\u00e9rapie Montr\u00e9al, SOS Tourisme M\u00e9dical et la soci\u00e9t\u00e9 Franchir, orchestr\u00e9s sous la direction experte de Marcel Mazaltarim, sp\u00e9cialiste reconnu en neuroth\u00e9rapie et gestionnaire du suivi pr\u00e9op\u00e9ratoire.<\/p>\n\n<p>Les retours d\u2019exp\u00e9rience illustrent cette dynamique avec force : un parcours patient s\u00e9curis\u00e9, une accompagnement humain singulier, ainsi qu\u2019une technologie m\u00e9dicale \u00e0 la pointe. L\u2019\u00e9valuation rigoureuse initiale, la logistique enti\u00e8rement planifi\u00e9e, et le suivi m\u00e9ticuleux post-op\u00e9ratoire renforcent la confiance des patients. L\u2019enjeu majeur est d\u2019offrir un chemin de soin rapide, s\u00e9curis\u00e9 et personnalis\u00e9, d\u00e9passant les limites des d\u00e9lais parfois longs observ\u00e9s dans le syst\u00e8me de sant\u00e9 qu\u00e9b\u00e9cois. Les t\u00e9moignages d\u00e9montrent que ce mod\u00e8le d\u2019orientation m\u00e9dicale depuis le Qu\u00e9bec ouvre de nouvelles perspectives pour am\u00e9liorer la qualit\u00e9 de vie et restaurer la sant\u00e9 des patients atteints de troubles du dos et du cou.<\/p>\n\n<h2 class=\"wp-block-heading\">\u00c9valuation initiale personnalis\u00e9e : fondement du parcours m\u00e9dical transatlantique<\/h2>\n\n<p>La premi\u00e8re \u00e9tape du parcours de chirurgie du rachis en France commence toujours \u00e0 Montr\u00e9al par une \u00e9valuation compl\u00e8te r\u00e9alis\u00e9e sous la supervision du <a class=\"wpil_keyword_link\" href=\"https:\/\/www.drdesforges.com\/\" title=\"Dr Sylvain Desforges\" data-wpil-keyword-link=\"linked\" data-wpil-monitor-id=\"17715\" target=\"_blank\" rel=\"noopener\">Dr Sylvain Desforges<\/a> et son \u00e9quipe chez TAGMED. Cette phase est primordiale puisqu\u2019elle d\u00e9termine l\u2019\u00e9ligibilit\u00e9 \u00e0 la chirurgie ainsi que la nature de la technique la mieux adapt\u00e9e au patient. Contrairement \u00e0 ce que l\u2019on pourrait croire, ni diagnostic ni intervention physioth\u00e9rapeutique ne sont \u00e9tablis lors de cette \u00e9valuation ; il s\u2019agit essentiellement d\u2019un bilan approfondi visant \u00e0 comprendre la condition m\u00e9dicale par des questionnaires d\u00e9taill\u00e9s, des analyses des examens d\u2019imagerie fournis par le patient, et la v\u00e9rification stricte des contre-indications \u00e9ventuelles.<\/p>\n\n<p>Le r\u00f4le unique du gestionnaire Marcel Mazaltarim est d\u2019assurer que ces donn\u00e9es cliniques sont transmises de mani\u00e8re optimale aux \u00e9quipes fran\u00e7aises et que chaque dossier fait l\u2019objet d\u2019une analyse scientifique rigoureuse. Marcel apporte toute son expertise en neuroth\u00e9rapie et en coordination internationale, ce qui permet d\u2019\u00e9viter les complications souvent li\u00e9es \u00e0 une information fragment\u00e9e ou mal communiqu\u00e9e. Cette \u00e9tape inclut \u00e9galement un \u00e9change humain chaleureux avec le patient afin de r\u00e9pondre \u00e0 ses questions : suis-je un bon candidat pour cette chirurgie ? Quel type de chirurgie me correspond le mieux ? Quelles informations dois-je fournir \u00e0 <a class=\"wpil_keyword_link\" href=\"https:\/\/www.neuromtl.com\/\" title=\"Neuroth\u00e9rapie Montr\u00e9al\" data-wpil-keyword-link=\"linked\" data-wpil-monitor-id=\"17720\" target=\"_blank\" rel=\"noopener\">Neuroth\u00e9rapie Montr\u00e9al<\/a> pour la suite du processus ?<\/p>\n\n<p>Dans certains cas, avant de confirmer la prise en charge chirurgicale, un suivi conservateur est supervis\u00e9 par le Dr Desforges, notamment gr\u00e2ce \u00e0 des m\u00e9thodes sp\u00e9cialis\u00e9es de <a class=\"wpil_keyword_link\" href=\"https:\/\/www.cliniquetagmed.com\/decompression-neurovertebrale\" title=\"d\u00e9compression neurovert\u00e9brale\" data-wpil-keyword-link=\"linked\" data-wpil-monitor-id=\"17718\" target=\"_blank\" rel=\"noopener\">d\u00e9compression neurovert\u00e9brale<\/a> robotis\u00e9e qui ne rel\u00e8vent pas de la physioth\u00e9rapie traditionnelle. Cette pr\u00e9caution permet d\u2019adapter le parcours au cas par cas, renfor\u00e7ant ainsi la s\u00e9curit\u00e9 et la pertinence des interventions.<\/p>\n\n<p>Cette phase initiale rigoureuse se place au c\u0153ur du parcours patient international et illustre parfaitement comment la collaboration Canada-France maximise les chances de succ\u00e8s chirurgical et le confort des patients. Pour approfondir les modalit\u00e9s de cette \u00e9valuation initiale, il est utile de consulter les ressources propos\u00e9es sur <a href=\"https:\/\/www.cliniquetagmed.com\" target=\"_blank\" rel=\"noopener\">l\u2019\u00e9valuation initiale et les traitements de TAGMED<\/a>.<\/p>\n\n<figure class=\"wp-block-image size-full\"><img decoding=\"async\" width=\"1536\" height=\"1024\" src=\"https:\/\/media.sostourismemedical.com\/2026\/01\/Orientation-medicale-depuis-le-Quebec-temoignages-et-retours-dexperience-1.jpg\" alt=\"d\u00e9couvrez des t\u00e9moignages authentiques et des retours d\u2019exp\u00e9rience sur l\u2019orientation m\u00e9dicale depuis le qu\u00e9bec, pour mieux comprendre les parcours et les conseils pratiques.\" class=\"wp-image-41218\" title=\"\" srcset=\"https:\/\/media.sostourismemedical.com\/2026\/01\/Orientation-medicale-depuis-le-Quebec-temoignages-et-retours-dexperience-1.jpg 1536w, https:\/\/media.sostourismemedical.com\/2026\/01\/Orientation-medicale-depuis-le-Quebec-temoignages-et-retours-dexperience-1-500x333.jpg 500w, https:\/\/media.sostourismemedical.com\/2026\/01\/Orientation-medicale-depuis-le-Quebec-temoignages-et-retours-dexperience-1-1200x800.jpg 1200w, https:\/\/media.sostourismemedical.com\/2026\/01\/Orientation-medicale-depuis-le-Quebec-temoignages-et-retours-dexperience-1-300x200.jpg 300w, https:\/\/media.sostourismemedical.com\/2026\/01\/Orientation-medicale-depuis-le-Quebec-temoignages-et-retours-dexperience-1-768x512.jpg 768w, https:\/\/media.sostourismemedical.com\/2026\/01\/Orientation-medicale-depuis-le-Quebec-temoignages-et-retours-dexperience-1-18x12.jpg 18w, https:\/\/media.sostourismemedical.com\/2026\/01\/Orientation-medicale-depuis-le-Quebec-temoignages-et-retours-dexperience-1-360x240.jpg 360w, https:\/\/media.sostourismemedical.com\/2026\/01\/Orientation-medicale-depuis-le-Quebec-temoignages-et-retours-dexperience-1-113x75.jpg 113w, https:\/\/media.sostourismemedical.com\/2026\/01\/Orientation-medicale-depuis-le-Quebec-temoignages-et-retours-dexperience-1-480x320.jpg 480w, https:\/\/media.sostourismemedical.com\/2026\/01\/Orientation-medicale-depuis-le-Quebec-temoignages-et-retours-dexperience-1-150x100.jpg 150w\" sizes=\"(max-width:767px) 480px, (max-width:1536px) 100vw, 1536px\" \/><\/figure>\n\n<h2 class=\"wp-block-heading\">Organisation logistique et orientation chirurgicale : un accompagnement sans faille<\/h2>\n\n<p>Une fois la d\u00e9cision d\u2019orientation vers la chirurgie en France prise, la prise en charge int\u00e9gr\u00e9e s\u2019active \u00e0 travers un r\u00e9seau pr\u00e9cis d\u2019acteurs compl\u00e9mentaires. <strong>La soci\u00e9t\u00e9 Franchir<\/strong> joue un r\u00f4le central dans cette phase. Forte de son expertise en orientation m\u00e9dicale sp\u00e9cialis\u00e9e internationale, elle d\u00e9termine quel centre chirurgical et quel chirurgien r\u00e9pondent le mieux au profil du patient tout en prenant en charge l\u2019organisation compl\u00e8te du voyage, de l\u2019h\u00e9bergement et des transferts en France.<\/p>\n\n<p>Pour le patient qu\u00e9b\u00e9cois, cette orchestration administrative et logistique est fondamentale : elle supprime les inqui\u00e9tudes habituelles li\u00e9es \u00e0 la planification, offrant une tranquillit\u00e9 d\u2019esprit indispensable dans un moment aussi crucial que la pr\u00e9paration \u00e0 une <a class=\"wpil_keyword_link\" href=\"https:\/\/sostourismemedical.com\/chirurgie-du-rachis\/\" title=\"Chirurgie du rachis\" data-wpil-keyword-link=\"linked\" data-wpil-monitor-id=\"17965\">chirurgie du rachis<\/a>. Marcel Mazaltarim coordonne avec Franchir chaque d\u00e9tail, depuis la r\u00e9servation du vol jusqu\u2019\u00e0 la liaison directe avec le personnel hospitalier fran\u00e7ais, assurant ainsi un parcours fluide et s\u00e9curis\u00e9.<\/p>\n\n<p>Cette collaboration \u00e9troite garantit \u00e9galement le respect des exigences sanitaires et administratives sp\u00e9cifiques \u00e0 2026, notamment en mati\u00e8re d\u2019assurance maladie transfrontali\u00e8re et de conformit\u00e9 aux r\u00e9glementations europ\u00e9ennes. Les patients b\u00e9n\u00e9ficient ainsi d\u2019un double accompagnement, entre l\u2019expertise sanitaire qu\u00e9b\u00e9coise initiale et la technicit\u00e9 chirurgicale fran\u00e7aise, renforc\u00e9 par un suivi logistique sur mesure d\u00e9livr\u00e9 par Franchir.<\/p>\n\n<p>Cette \u00e9tape cl\u00e9 s\u2019inscrit dans un continuum o\u00f9 la confiance, la pr\u00e9cision organisationnelle et la ma\u00eetrise des contraintes internationales font la diff\u00e9rence. Pour plus d\u2019informations sur la planification et l\u2019orientation de s\u00e9jour, les patients sont invit\u00e9s \u00e0 consulter <a href=\"https:\/\/www.franchir.eu\" target=\"_blank\" rel=\"noopener\">la plateforme Franchir<\/a>.<\/p>\n\n<h3 class=\"wp-block-heading\">Liste des principaux services assur\u00e9s par Franchir<\/h3>\n\n<ul class=\"wp-block-list\"><li>\u00c9valuation des attentes chirurgicales avec les \u00e9quipes fran\u00e7aises<\/li><li>Choix du centre chirurgical et du chirurgien selon la pathologie<\/li><li>Organisation compl\u00e8te du transport a\u00e9rien et des transferts terrestres<\/li><li>R\u00e9servation d\u2019h\u00e9bergement adapt\u00e9 \u00e0 proximit\u00e9 de l\u2019h\u00f4pital<\/li><li>Gestion des formalit\u00e9s administratives et assurances<\/li><li>Suivi permanent en temps r\u00e9el avant et pendant le s\u00e9jour<\/li><\/ul>\n\n<figure class=\"is-provider-youtube is-type-video wp-block-embed wp-block-embed-youtube wp-embed-aspect-16-9 wp-has-aspect-ratio\"><div class=\"wp-block-embed__wrapper\">\n<iframe title=\"Ils ont choisi Synapse : Calimed t\u00e9moigne de leur exp\u00e9rience avec Synapse Medicine\" width=\"1220\" height=\"686\" src=\"https:\/\/www.youtube.com\/embed\/-ZuRSi5houU?feature=oembed\" frameborder=\"0\" allow=\"accelerometer; autoplay; clipboard-write; encrypted-media; gyroscope; picture-in-picture; web-share\" referrerpolicy=\"strict-origin-when-cross-origin\" allowfullscreen><\/iframe>\n<\/div><\/figure>\n\n<h2 class=\"wp-block-heading\">Techniques chirurgicales innovantes en France : acc\u00e8s privil\u00e9gi\u00e9 pour les patients qu\u00e9b\u00e9cois<\/h2>\n\n<p>La chirurgie du rachis en France b\u00e9n\u00e9ficie aujourd\u2019hui d\u2019avanc\u00e9es remarquables qui r\u00e9pondent aux divers besoins des patients. Parmi les techniques disponibles, on retrouve des approches mini-invasives, l\u2019arthrod\u00e8se (fusion), les proth\u00e8ses discales destin\u00e9es au maintien de la mobilit\u00e9, et des syst\u00e8mes dynamiques de stabilisation comme le <a class=\"wpil_keyword_link\" href=\"https:\/\/sostourismemedical.com\/chirurgie\/le-systeme-tops\/\" title=\"Le Syst\u00e8me TOPS\" data-wpil-keyword-link=\"linked\" data-wpil-monitor-id=\"17716\">TOPS<\/a> ou l\u2019Intraspine. Ces solutions sont propos\u00e9es dans des centres de r\u00e9f\u00e9rence o\u00f9 plus de 20 chirurgiens sont accessibles gr\u00e2ce au r\u00e9seau international initi\u00e9 par SOS Tourisme M\u00e9dical.<\/p>\n\n<p>L\u2019innovation porte notamment sur la r\u00e9duction du temps op\u00e9ratoire, la diminution des cicatrices et douleurs postop\u00e9ratoires, ainsi que le retour plus rapide aux activit\u00e9s quotidiennes. Par exemple, la <a class=\"wpil_keyword_link\" href=\"https:\/\/sostourismemedical.com\/chirurgie\/prothese-discale\/\" title=\"proth\u00e8se discale\" data-wpil-keyword-link=\"linked\" data-wpil-monitor-id=\"17721\">proth\u00e8se discale<\/a> pr\u00e9serve la mobilit\u00e9 naturelle rencontre un succ\u00e8s croissant chez les patients souffrant d\u2019hernie discale ou de st\u00e9nose. Par ailleurs, l\u2019arthrod\u00e8se, ou fusion vert\u00e9brale, reste optimale pour des affections plus lourdes telles que les my\u00e9lopathies ou les spondylolisth\u00e9sis avanc\u00e9s.<\/p>\n\n<p>La pluralit\u00e9 des options chirurgicales disponibles permet une adaptation sur mesure selon la pathologie, l\u2019\u00e2ge, l\u2019\u00e9tat g\u00e9n\u00e9ral, et les pr\u00e9f\u00e9rences du patient. Marcel Mazaltarim souligne que cet acc\u00e8s rapide aux techniques et implants de pointe constitue un avantage d\u00e9cisif pour les patients qu\u00e9b\u00e9cois, car il concilie performance clinique et bien-\u00eatre global.<\/p>\n\n<figure class=\"wp-block-table\"><table>\n<thead>\n<tr>\n<th>Technique chirurgicale<\/th>\n<th>Indications principales<\/th>\n<th>Avantages majeurs<\/th>\n<th>Impact sur la qualit\u00e9 de vie<\/th>\n<\/tr>\n<\/thead>\n<tbody>\n<tr>\n<td>Proth\u00e8se discale<\/td>\n<td><a class=\"wpil_keyword_link\" href=\"https:\/\/sostourismemedical.com\/hernie-discale\/\" title=\"Hernie discale\" data-wpil-keyword-link=\"linked\" data-wpil-monitor-id=\"20897\">Hernie discale<\/a>, discopathies d\u00e9g\u00e9n\u00e9ratives<\/td>\n<td>Conservation de mobilit\u00e9, moins douloureux post-op<\/td>\n<td>Retour rapide aux activit\u00e9s, meilleure fonction du rachis<\/td>\n<\/tr>\n<tr>\n<td><a class=\"wpil_keyword_link\" href=\"https:\/\/sostourismemedical.com\/chirurgie\/fusion\/\" title=\"Fusion\" data-wpil-keyword-link=\"linked\" data-wpil-monitor-id=\"17719\">Arthrod\u00e8se<\/a> (fusion)<\/td>\n<td>Spondylolisth\u00e9sis, my\u00e9lopathie, instabilit\u00e9 vert\u00e9brale<\/td>\n<td>Stabilisation d\u00e9finitive, r\u00e9duction des douleurs chroniques<\/td>\n<td>Am\u00e9lioration durable de la posture, pr\u00e9vention des complications<\/td>\n<\/tr>\n<tr>\n<td>Stabilisation dynamique (TOPS\/Intraspine)<\/td>\n<td>Douleurs lombaires chroniques, instabilit\u00e9s l\u00e9g\u00e8res<\/td>\n<td>Reconservation partielle du mouvement, moins d\u2019arthrose<\/td>\n<td>Plus grande flexibilit\u00e9 rachidienne, meilleure qualit\u00e9 de vie<\/td>\n<\/tr>\n<tr>\n<td>Chirurgie mini-invasive<\/td>\n<td>Hernies discales, lombalgies<\/td>\n<td>Moins de tissu endommag\u00e9, hospitalisation r\u00e9duite<\/td>\n<td>Convalescence acc\u00e9l\u00e9r\u00e9e, reprise rapide du travail<\/td>\n<\/tr>\n<\/tbody>\n<\/table><\/figure>\n\n<p>Pour conna\u00eetre les techniques d\u00e9taill\u00e9es et adapt\u00e9es \u00e0 votre cas, SOS Tourisme M\u00e9dical propose une information compl\u00e8te \u00e0 chaque patient qui s\u2019interroge sur son parcours chirurgical, accessible sur leur site <a href=\"https:\/\/www.sostourismemedical.com\">officiel<\/a>.<\/p>\n\n<figure class=\"wp-block-image size-full\"><img decoding=\"async\" width=\"1024\" height=\"1024\" src=\"https:\/\/media.sostourismemedical.com\/2026\/01\/Orientation-medicale-depuis-le-Quebec-temoignages-et-retours-dexperience-2.jpg\" alt=\"d\u00e9couvrez des t\u00e9moignages et retours d\u2019exp\u00e9rience sur l\u2019orientation m\u00e9dicale depuis le qu\u00e9bec, pour mieux comprendre les parcours et conseils des professionnels de sant\u00e9.\" class=\"wp-image-41219\" title=\"\" srcset=\"https:\/\/media.sostourismemedical.com\/2026\/01\/Orientation-medicale-depuis-le-Quebec-temoignages-et-retours-dexperience-2.jpg 1024w, https:\/\/media.sostourismemedical.com\/2026\/01\/Orientation-medicale-depuis-le-Quebec-temoignages-et-retours-dexperience-2-500x500.jpg 500w, https:\/\/media.sostourismemedical.com\/2026\/01\/Orientation-medicale-depuis-le-Quebec-temoignages-et-retours-dexperience-2-300x300.jpg 300w, https:\/\/media.sostourismemedical.com\/2026\/01\/Orientation-medicale-depuis-le-Quebec-temoignages-et-retours-dexperience-2-768x768.jpg 768w, https:\/\/media.sostourismemedical.com\/2026\/01\/Orientation-medicale-depuis-le-Quebec-temoignages-et-retours-dexperience-2-12x12.jpg 12w, https:\/\/media.sostourismemedical.com\/2026\/01\/Orientation-medicale-depuis-le-Quebec-temoignages-et-retours-dexperience-2-360x360.jpg 360w, https:\/\/media.sostourismemedical.com\/2026\/01\/Orientation-medicale-depuis-le-Quebec-temoignages-et-retours-dexperience-2-150x150.jpg 150w, https:\/\/media.sostourismemedical.com\/2026\/01\/Orientation-medicale-depuis-le-Quebec-temoignages-et-retours-dexperience-2-75x75.jpg 75w, https:\/\/media.sostourismemedical.com\/2026\/01\/Orientation-medicale-depuis-le-Quebec-temoignages-et-retours-dexperience-2-480x480.jpg 480w, https:\/\/media.sostourismemedical.com\/2026\/01\/Orientation-medicale-depuis-le-Quebec-temoignages-et-retours-dexperience-2-100x100.jpg 100w\" sizes=\"(max-width:767px) 480px, (max-width:1024px) 100vw, 1024px\" \/><\/figure>\n\n<h2 class=\"wp-block-heading\">Suivi post-op\u00e9ratoire \u00e0 Neuroth\u00e9rapie Montr\u00e9al : un soutien humain et technologique<\/h2>\n\n<p>Apr\u00e8s la chirurgie en France, le r\u00f4le de Neuroth\u00e9rapie Montr\u00e9al dirig\u00e9 par Marcel Mazaltarim devient primordial dans le parcours de soins. Ce centre sp\u00e9cialis\u00e9 ne r\u00e9alise pas d\u2019imagerie m\u00e9dicale sur place, mais offre un accompagnement neurofonctionnel global concentr\u00e9 sur la r\u00e9habilitation des troubles neurologiques et du syst\u00e8me nerveux autonome, particuli\u00e8rement impact\u00e9s par les chirurgies du rachis. La prise en charge est int\u00e9gr\u00e9e, combinant technologies de pointe telles que le biofeedback et le neurofeedback, ainsi que des protocoles personnalis\u00e9s pour soutenir la r\u00e9cup\u00e9ration fonctionnelle.<\/p>\n\n<p>L\u2019approche pluridisciplinaire favorise un suivi humain et scientifique dans un environnement chaleureux, offrant aux patients un espace d\u2019\u00e9coute et de progression adapt\u00e9s \u00e0 leurs besoins sp\u00e9cifiques. Gr\u00e2ce \u00e0 cette continuit\u00e9 des soins au retour au Qu\u00e9bec, on observe une r\u00e9duction significative des complications post-op\u00e9ratoires, un meilleur contr\u00f4le des douleurs chroniques, et une reprise plus rapide des activit\u00e9s normales.<\/p>\n\n<p>Marcel Mazaltarim place l\u2019humain au c\u0153ur de cet accompagnement, r\u00e9pondant aux inqui\u00e9tudes des patients sur les \u00e9tapes de la r\u00e9habilitation gr\u00e2ce \u00e0 un contact direct, une \u00e9valuation r\u00e9guli\u00e8re, et un lien privil\u00e9gi\u00e9 avec les chirurgiens fran\u00e7ais pour ajuster au besoin les protocoles. Ce partenariat assure ainsi un maillage complet du parcours patient entre les deux continents.<\/p>\n\n<figure class=\"wp-block-image size-full\"><img decoding=\"async\" width=\"1536\" height=\"1024\" src=\"https:\/\/media.sostourismemedical.com\/2026\/01\/Orientation-medicale-depuis-le-Quebec-temoignages-et-retours-dexperience-3.jpg\" alt=\"d\u00e9couvrez des t\u00e9moignages et retours d&#039;exp\u00e9rience sur l&#039;orientation m\u00e9dicale depuis le qu\u00e9bec, pour mieux comprendre les parcours et conseils des professionnels de sant\u00e9.\" class=\"wp-image-41220\" title=\"\" srcset=\"https:\/\/media.sostourismemedical.com\/2026\/01\/Orientation-medicale-depuis-le-Quebec-temoignages-et-retours-dexperience-3.jpg 1536w, https:\/\/media.sostourismemedical.com\/2026\/01\/Orientation-medicale-depuis-le-Quebec-temoignages-et-retours-dexperience-3-500x333.jpg 500w, https:\/\/media.sostourismemedical.com\/2026\/01\/Orientation-medicale-depuis-le-Quebec-temoignages-et-retours-dexperience-3-1200x800.jpg 1200w, https:\/\/media.sostourismemedical.com\/2026\/01\/Orientation-medicale-depuis-le-Quebec-temoignages-et-retours-dexperience-3-300x200.jpg 300w, https:\/\/media.sostourismemedical.com\/2026\/01\/Orientation-medicale-depuis-le-Quebec-temoignages-et-retours-dexperience-3-768x512.jpg 768w, https:\/\/media.sostourismemedical.com\/2026\/01\/Orientation-medicale-depuis-le-Quebec-temoignages-et-retours-dexperience-3-18x12.jpg 18w, https:\/\/media.sostourismemedical.com\/2026\/01\/Orientation-medicale-depuis-le-Quebec-temoignages-et-retours-dexperience-3-360x240.jpg 360w, https:\/\/media.sostourismemedical.com\/2026\/01\/Orientation-medicale-depuis-le-Quebec-temoignages-et-retours-dexperience-3-113x75.jpg 113w, https:\/\/media.sostourismemedical.com\/2026\/01\/Orientation-medicale-depuis-le-Quebec-temoignages-et-retours-dexperience-3-480x320.jpg 480w, https:\/\/media.sostourismemedical.com\/2026\/01\/Orientation-medicale-depuis-le-Quebec-temoignages-et-retours-dexperience-3-150x100.jpg 150w\" sizes=\"(max-width:767px) 480px, (max-width:1536px) 100vw, 1536px\" \/><\/figure>\n\n<h3 class=\"wp-block-heading\">Les \u00e9tapes cl\u00e9s du suivi post-op\u00e9ratoire \u00e0 Neuroth\u00e9rapie Montr\u00e9al<\/h3>\n\n<ol class=\"wp-block-list\"><li>Premi\u00e8re consultation d\u2019\u00e9valuation neurofonctionnelle post-chirurgie<\/li><li>\u00c9laboration d\u2019un plan de r\u00e9habilitation personnalis\u00e9<\/li><li>Int\u00e9gration des technologies de biofeedback et neurofeedback<\/li><li>Sessions r\u00e9guli\u00e8res avec suivi de la progression<\/li><li>Communication continue avec les chirurgiens fran\u00e7ais en cas d\u2019adaptations<\/li><li>Support psychologique et conseils pour la gestion de la douleur<\/li><\/ol>\n\n<figure class=\"is-provider-youtube is-type-video wp-block-embed wp-block-embed-youtube wp-embed-aspect-16-9 wp-has-aspect-ratio\"><div class=\"wp-block-embed__wrapper\">\n<iframe title=\"Avis Feeli : Que disent les patients pour la t\u00e9l\u00e9m\u00e9decine ?\" width=\"1220\" height=\"686\" src=\"https:\/\/www.youtube.com\/embed\/I93WfgMphmQ?feature=oembed\" frameborder=\"0\" allow=\"accelerometer; autoplay; clipboard-write; encrypted-media; gyroscope; picture-in-picture; web-share\" referrerpolicy=\"strict-origin-when-cross-origin\" allowfullscreen><\/iframe>\n<\/div><\/figure>\n\n<h2 class=\"wp-block-heading\">Retours d\u2019exp\u00e9rience et t\u00e9moignages : comprendre l\u2019impact de l\u2019orientation m\u00e9dicale<\/h2>\n\n<p>L\u2019exp\u00e9rience patient est confirm\u00e9e par de nombreux t\u00e9moignages de patients qu\u00e9b\u00e9cois qui ont travers\u00e9 ce parcours transatlantique. Beaucoup \u00e9voquent d\u2019abord la qualit\u00e9 de l\u2019accompagnement humain. Le r\u00f4le de Marcel Mazaltarim, expert en neuroth\u00e9rapie et coordination internationale, est souvent salu\u00e9 pour sa disponibilit\u00e9 et sa capacit\u00e9 \u00e0 tenir inform\u00e9s les patients \u00e0 chaque \u00e9tape. Le sentiment d\u2019\u00eatre \u00e9cout\u00e9, rassur\u00e9 et guid\u00e9 fait une diff\u00e9rence notable face \u00e0 l\u2019appr\u00e9hension initiale.<\/p>\n\n<p>Sur le plan m\u00e9dical, les patients soulignent la r\u00e9duction des d\u00e9lais d\u2019attente, l\u2019acc\u00e8s \u00e0 des techniques chirurgicales modernes, et la continuit\u00e9 du suivi qui optimise les r\u00e9sultats cliniques. Plusieurs t\u00e9moignages insistent sur le bienfait de la prise en charge globale et int\u00e9gr\u00e9e qui assure un \u00e9quilibre entre haute technologie et accompagnement humain.<\/p>\n\n<p>Ce mod\u00e8le d\u2019orientation m\u00e9dicale ne modifie pas seulement la trajectoire chirurgicale mais transforme aussi la perception m\u00eame des soins m\u00e9dicaux pour une population souvent marginalis\u00e9e face aux contraintes du syst\u00e8me local. Il illustre un partenariat gagnant-gagnant entre syst\u00e8mes de sant\u00e9 internationalis\u00e9s, offrant plus d\u2019options et de s\u00e9curit\u00e9.<\/p>\n\n<p>Pour mieux d\u00e9couvrir ces t\u00e9moignages et les retours d\u2019exp\u00e9rience des patients, il est possible de consulter des ressources sp\u00e9cialis\u00e9es telles que <a href=\"https:\/\/azimut-orientation.com\/temoignages-detudiants-sur-leurs-etudes-de-medecine\/\" target=\"_blank\" rel=\"noopener\">les t\u00e9moignages relatifs \u00e0 l\u2019orientation m\u00e9dicale<\/a> ou les forums d\u00e9di\u00e9s \u00e0 la m\u00e9decine et \u00e0 l\u2019exp\u00e9rience patients.<\/p>\n\n\n{\u00ab\u00a0@context\u00a0\u00bb:\u00a0\u00bbhttps:\/\/schema.org\u00a0\u00bb,\u00a0\u00bb@type\u00a0\u00bb:\u00a0\u00bbFAQPage\u00a0\u00bb,\u00a0\u00bbmainEntity\u00a0\u00bb:[{\u00ab\u00a0@type\u00a0\u00bb:\u00a0\u00bbQuestion\u00a0\u00bb,\u00a0\u00bbname\u00a0\u00bb:\u00a0\u00bbQuels critu00e8res du00e9terminent mon u00e9ligibilitu00e9 u00e0 la chirurgie du rachis en France ?\u00a0\u00bb,\u00a0\u00bbacceptedAnswer\u00a0\u00bb:{\u00ab\u00a0@type\u00a0\u00bb:\u00a0\u00bbAnswer\u00a0\u00bb,\u00a0\u00bbtext\u00a0\u00bb:\u00a0\u00bbLu2019u00e9ligibilitu00e9 du00e9pend de lu2019analyse complu00e8te ru00e9alisu00e9e lors de lu2019u00e9valuation initiale, incluant lu2019examen des questionnaires, des examens du2019imagerie fournis et la vu00e9rification des contre-indications. Chaque cas est u00e9tudiu00e9 individuellement pour proposer la meilleure solution chirurgicale adaptu00e9e u00e0 votre situation.\u00a0\u00bb}},{\u00ab\u00a0@type\u00a0\u00bb:\u00a0\u00bbQuestion\u00a0\u00bb,\u00a0\u00bbname\u00a0\u00bb:\u00a0\u00bbComment Neurothu00e9rapie Montru00e9al accompagne-t-elle les patients apru00e8s la chirurgie ?\u00a0\u00bb,\u00a0\u00bbacceptedAnswer\u00a0\u00bb:{\u00ab\u00a0@type\u00a0\u00bb:\u00a0\u00bbAnswer\u00a0\u00bb,\u00a0\u00bbtext\u00a0\u00bb:\u00a0\u00bbNeurothu00e9rapie Montru00e9al propose un suivi personnalisu00e9 en neuro-ru00e9habilitation combinant technologies innovantes comme le biofeedback et le neurofeedback, avec un soutien humain constant et une communication u00e9troite avec les chirurgiens franu00e7ais.\u00a0\u00bb}},{\u00ab\u00a0@type\u00a0\u00bb:\u00a0\u00bbQuestion\u00a0\u00bb,\u00a0\u00bbname\u00a0\u00bb:\u00a0\u00bbQuel est le ru00f4le de la sociu00e9tu00e9 Franchir dans mon parcours de soins ?\u00a0\u00bb,\u00a0\u00bbacceptedAnswer\u00a0\u00bb:{\u00ab\u00a0@type\u00a0\u00bb:\u00a0\u00bbAnswer\u00a0\u00bb,\u00a0\u00bbtext\u00a0\u00bb:\u00a0\u00bbFranchir assure lu2019orientation vers le centre et le chirurgien correspondant u00e0 votre pathologie et organise intu00e9gralement votre su00e9jour en France, de la logistique aux formalitu00e9s, facilitant chaque u00e9tape de votre voyage chirurgical.\u00a0\u00bb}},{\u00ab\u00a0@type\u00a0\u00bb:\u00a0\u00bbQuestion\u00a0\u00bb,\u00a0\u00bbname\u00a0\u00bb:\u00a0\u00bbQuels types de chirurgie suis-je susceptibles de recevoir lors de mon su00e9jour en France ?\u00a0\u00bb,\u00a0\u00bbacceptedAnswer\u00a0\u00bb:{\u00ab\u00a0@type\u00a0\u00bb:\u00a0\u00bbAnswer\u00a0\u00bb,\u00a0\u00bbtext\u00a0\u00bb:\u00a0\u00bbLes options incluent la chirurgie mini-invasive, les prothu00e8ses discales, lu2019arthrodu00e8se, et la stabilisation dynamique (TOPS, Intraspine), adaptu00e9es selon le diagnostic et les besoins du patient pour garantir le meilleur ru00e9sultat fonctionnel.\u00a0\u00bb}},{\u00ab\u00a0@type\u00a0\u00bb:\u00a0\u00bbQuestion\u00a0\u00bb,\u00a0\u00bbname\u00a0\u00bb:\u00a0\u00bbComment puis-je commencer mon processus du2019orientation mu00e9dicale depuis le Quu00e9bec ?\u00a0\u00bb,\u00a0\u00bbacceptedAnswer\u00a0\u00bb:{\u00ab\u00a0@type\u00a0\u00bb:\u00a0\u00bbAnswer\u00a0\u00bb,\u00a0\u00bbtext\u00a0\u00bb:\u00a0\u00bbLe premier pas consiste u00e0 contacter Neurothu00e9rapie Montru00e9al ou SOS Tourisme Mu00e9dical pour une u00e9valuation personnalisu00e9e. Un formulaire de contact est disponible pour vous guider dans vos du00e9marches.\u00a0\u00bb}}]}\n\n<h3>Quels crit\u00e8res d\u00e9terminent mon \u00e9ligibilit\u00e9 \u00e0 la chirurgie du rachis en France ?<\/h3>\n<p>L\u2019\u00e9ligibilit\u00e9 d\u00e9pend de l\u2019analyse compl\u00e8te r\u00e9alis\u00e9e lors de l\u2019\u00e9valuation initiale, incluant l\u2019examen des questionnaires, des examens d\u2019imagerie fournis et la v\u00e9rification des contre-indications. Chaque cas est \u00e9tudi\u00e9 individuellement pour proposer la meilleure solution chirurgicale adapt\u00e9e \u00e0 votre situation.<\/p>\n<h3>Comment Neuroth\u00e9rapie Montr\u00e9al accompagne-t-elle les patients apr\u00e8s la chirurgie ?<\/h3>\n<p>Neuroth\u00e9rapie Montr\u00e9al propose un suivi personnalis\u00e9 en neuro-r\u00e9habilitation combinant technologies innovantes comme le biofeedback et le neurofeedback, avec un soutien humain constant et une communication \u00e9troite avec les chirurgiens fran\u00e7ais.<\/p>\n<h3>Quel est le r\u00f4le de la soci\u00e9t\u00e9 Franchir dans mon parcours de soins ?<\/h3>\n<p>Franchir assure l\u2019orientation vers le centre et le chirurgien correspondant \u00e0 votre pathologie et organise int\u00e9gralement votre s\u00e9jour en France, de la logistique aux formalit\u00e9s, facilitant chaque \u00e9tape de votre voyage chirurgical.<\/p>\n<h3>Quels types de chirurgie suis-je susceptibles de recevoir lors de mon s\u00e9jour en France ?<\/h3>\n<p>Les options incluent la chirurgie mini-invasive, les proth\u00e8ses discales, l\u2019arthrod\u00e8se, et la stabilisation dynamique (TOPS, <a class=\"wpil_keyword_link\" href=\"https:\/\/sostourismemedical.com\/chirurgie\/intraspine\/\" title=\"Intraspine\" data-wpil-keyword-link=\"linked\" data-wpil-monitor-id=\"17717\">Intraspine<\/a>), adapt\u00e9es selon le diagnostic et les besoins du patient pour garantir le meilleur r\u00e9sultat fonctionnel.<\/p>\n<h3>Comment puis-je commencer mon processus d\u2019orientation m\u00e9dicale depuis le Qu\u00e9bec ?<\/h3>\n<p>Le premier pas consiste \u00e0 contacter Neuroth\u00e9rapie Montr\u00e9al ou SOS Tourisme M\u00e9dical pour une \u00e9valuation personnalis\u00e9e. Un formulaire de contact est disponible pour vous guider dans vos d\u00e9marches.<\/p>\n\n<p>Vous souhaitez savoir si vous \u00eates un bon candidat pour la chirurgie du rachis en France ? Remplissez notre formulaire \u00e0 <a href=\"https:\/\/sostourismemedical.com\/contact\">SOS Tourisme M\u00e9dical<\/a> pour une \u00e9valuation ou des conseils personnalis\u00e9s.<\/p>\n\n<style>\r\n.lwrp.link-whisper-related-posts{\r\n            \r\n            margin-top: 40px;\nmargin-bottom: 30px;\r\n        }\r\n        .lwrp .lwrp-title{\r\n            \r\n            \r\n        }.lwrp .lwrp-description{\r\n            \r\n            \r\n\r\n        }\r\n        .lwrp .lwrp-list-container{\r\n        }\r\n        .lwrp .lwrp-list-multi-container{\r\n            display: flex;\r\n        }\r\n        .lwrp .lwrp-list-double{\r\n            width: 48%;\r\n        }\r\n        .lwrp .lwrp-list-triple{\r\n            width: 32%;\r\n        }\r\n        .lwrp .lwrp-list-row-container{\r\n            display: flex;\r\n            justify-content: space-between;\r\n        }\r\n        .lwrp .lwrp-list-row-container .lwrp-list-item{\r\n            width: calc(25% - 20px);\r\n        }\r\n        .lwrp .lwrp-list-item:not(.lwrp-no-posts-message-item){\r\n            \r\n            \r\n        }\r\n        .lwrp .lwrp-list-item img{\r\n            max-width: 100%;\r\n            height: auto;\r\n            object-fit: cover;\r\n            aspect-ratio: 1 \/ 1;\r\n        }\r\n        .lwrp .lwrp-list-item.lwrp-empty-list-item{\r\n            background: initial !important;\r\n        }\r\n        .lwrp .lwrp-list-item .lwrp-list-link .lwrp-list-link-title-text,\r\n        .lwrp .lwrp-list-item .lwrp-list-no-posts-message{\r\n            \r\n            \r\n            \r\n            \r\n        }@media screen and (max-width: 480px) {\r\n            .lwrp.link-whisper-related-posts{\r\n                \r\n                \r\n            }\r\n            .lwrp .lwrp-title{\r\n                \r\n                \r\n            }.lwrp .lwrp-description{\r\n                \r\n                \r\n            }\r\n            .lwrp .lwrp-list-multi-container{\r\n                flex-direction: column;\r\n            }\r\n            .lwrp .lwrp-list-multi-container ul.lwrp-list{\r\n                margin-top: 0px;\r\n                margin-bottom: 0px;\r\n                padding-top: 0px;\r\n                padding-bottom: 0px;\r\n            }\r\n            .lwrp .lwrp-list-double,\r\n            .lwrp .lwrp-list-triple{\r\n                width: 100%;\r\n            }\r\n            .lwrp .lwrp-list-row-container{\r\n                justify-content: initial;\r\n                flex-direction: column;\r\n            }\r\n            .lwrp .lwrp-list-row-container .lwrp-list-item{\r\n                width: 100%;\r\n            }\r\n            .lwrp .lwrp-list-item:not(.lwrp-no-posts-message-item){\r\n                \r\n                \r\n            }\r\n            .lwrp .lwrp-list-item .lwrp-list-link .lwrp-list-link-title-text,\r\n            .lwrp .lwrp-list-item .lwrp-list-no-posts-message{\r\n                \r\n                \r\n                \r\n                \r\n            };\r\n        }<\/style>\r\n<div id=\"link-whisper-related-posts-widget\" class=\"link-whisper-related-posts lwrp\">\r\n            <h3 class=\"lwrp-title\">Articles Similaires<\/h3>    \r\n        <div class=\"lwrp-list-container\">\r\n                                            <div class=\"lwrp-list-multi-container\">\r\n                    <ul class=\"lwrp-list lwrp-list-double lwrp-list-left\">\r\n                        <li class=\"lwrp-list-item\"><a href=\"https:\/\/www.sostourismemedical.com\/organisation-des-examens-dimagerie-explique-aux-patients-quebecois\/\" class=\"lwrp-list-link\"><span class=\"lwrp-list-link-title-text\">Organisation des examens d\u2019imagerie expliqu\u00e9 aux patients qu\u00e9b\u00e9cois<\/span><\/a><\/li><li class=\"lwrp-list-item\"><a href=\"https:\/\/www.sostourismemedical.com\/le-futur-de-la-chirurgie-passe-par-temoignages-de-patients-en-convalescence-2\/\" class=\"lwrp-list-link\"><span class=\"lwrp-list-link-title-text\">Le futur de la chirurgie passe par t\u00e9moignages de patients en convalescence<\/span><\/a><\/li><li class=\"lwrp-list-item\"><a href=\"https:\/\/www.sostourismemedical.com\/chirurgie-du-bas-du-dos-decouvrez-les-techniques-les-plus-avancees\/\" class=\"lwrp-list-link\"><span class=\"lwrp-list-link-title-text\">Chirurgie du bas du dos : D\u00e9couvrez les techniques les plus avanc\u00e9es<\/span><\/a><\/li><li class=\"lwrp-list-item\"><a href=\"https:\/\/www.sostourismemedical.com\/logistique-medicale-et-hebergement-indications-avantages-et-limites\/\" class=\"lwrp-list-link\"><span class=\"lwrp-list-link-title-text\">Logistique m\u00e9dicale et h\u00e9bergement : indications, avantages et limites<\/span><\/a><\/li>                    <\/ul>\r\n                    <ul class=\"lwrp-list lwrp-list-double lwrp-list-right\">\r\n                        <li class=\"lwrp-list-item\"><a href=\"https:\/\/www.sostourismemedical.com\/pourquoi-les-experts-recommandent-qualite-et-certification-des-dispositifs\/\" class=\"lwrp-list-link\"><span class=\"lwrp-list-link-title-text\">Pourquoi les experts recommandent qualit\u00e9 et certification des dispositifs<\/span><\/a><\/li><li class=\"lwrp-list-item\"><a href=\"https:\/\/www.sostourismemedical.com\/ce-que-disent-les-etudes-sur-hopitaux-et-chirurgiens-partenaires\/\" class=\"lwrp-list-link\"><span class=\"lwrp-list-link-title-text\">Ce que disent les \u00e9tudes sur h\u00f4pitaux et chirurgiens partenaires<\/span><\/a><\/li><li class=\"lwrp-list-item\"><a href=\"https:\/\/www.sostourismemedical.com\/hernie-discale\/hernie-discale-traitements-conservateurs-non-chirurgicaux\/\" class=\"lwrp-list-link\"><span class=\"lwrp-list-link-title-text\">Hernie discale : Traitements conservateurs (non-chirurgicaux)<\/span><\/a><\/li><li class=\"lwrp-list-item\"><a href=\"https:\/\/www.sostourismemedical.com\/criteres-deligibilite-a-la-chirurgie-du-dos-et-son-impact-sur-le-choix-chirurgical\/\" class=\"lwrp-list-link\"><span class=\"lwrp-list-link-title-text\">Crit\u00e8res d\u2019\u00e9ligibilit\u00e9 \u00e0 la chirurgie du dos et son impact sur le choix chirurgical<\/span><\/a><\/li>                    <\/ul>\r\n                <\/div>\r\n                        <\/div>\r\n<\/div>","protected":false},"excerpt":{"rendered":"<p>Face aux d\u00e9fis croissants rencontr\u00e9s par les patients qu\u00e9b\u00e9cois souffrant de pathologies du rachis, l\u2019orientation m\u00e9dicale internationale se pr\u00e9sente comme une solution innovante et rassurante. De<span class=\"excerpt-hellip\"> [\u2026]<\/span><\/p>\n","protected":false},"author":5,"featured_media":41217,"comment_status":"closed","ping_status":"closed","sticky":false,"template":"","format":"standard","meta":{"episode_type":"","audio_file":"","podmotor_file_id":"","podmotor_episode_id":"","cover_image":"","cover_image_id":"","duration":"","filesize":"","filesize_raw":"","date_recorded":"","explicit":"","block":"","itunes_episode_number":"","itunes_title":"","itunes_season_number":"","itunes_episode_type":"","footnotes":"","jetpack_publicize_message":"","jetpack_publicize_feature_enabled":true,"jetpack_social_post_already_shared":true,"jetpack_social_options":{"image_generator_settings":{"template":"highway","default_image_id":0,"font":"","enabled":false},"version":2}},"categories":[480],"tags":[210,20,170,223,212,242,203,90,208,243,29,221,73,6,94,220,247,95,241,171,202,166,248,196,189,240,72,93,204,245,222,11,92,96,209,16,225,194,162,187,198,172,182,195,193,226,13,227,12,32],"class_list":["post-41221","post","type-post","status-publish","format-standard","has-post-thumbnail","hentry","category-chirurgie-du-rachis","tag-active","tag-assurances","tag-avantages","tag-bien-etre","tag-chirurgie","tag-clinique","tag-cliniques","tag-comment","tag-compression","tag-consultation","tag-contre-indications","tag-cou","tag-decompression-neurovertebrale","tag-diagnostic","tag-discales","tag-dos","tag-douleur","tag-douleurs","tag-douleurs-chroniques","tag-efficacite","tag-expertise","tag-faq","tag-fonction","tag-haute-technologie","tag-hebergement","tag-hern","tag-hernie-discale","tag-hernies","tag-hernies-discales","tag-imagerie-medicale","tag-innovation","tag-irm","tag-les","tag-lombaires","tag-nerve","tag-patient","tag-physiotherapie","tag-profil","tag-qualite-de-vie","tag-quebec","tag-sante","tag-securite","tag-site","tag-soins","tag-sylvain-desforges","tag-t","tag-technologie","tag-therapie","tag-traitement","tag-traitements"],"jetpack_publicize_connections":[],"jetpack_featured_media_url":"https:\/\/media.sostourismemedical.com\/2026\/01\/Orientation-medicale-depuis-le-Quebec-temoignages-et-retours-dexperience.jpg","_links":{"self":[{"href":"https:\/\/www.sostourismemedical.com\/en\/wp-json\/wp\/v2\/posts\/41221","targetHints":{"allow":["GET"]}}],"collection":[{"href":"https:\/\/www.sostourismemedical.com\/en\/wp-json\/wp\/v2\/posts"}],"about":[{"href":"https:\/\/www.sostourismemedical.com\/en\/wp-json\/wp\/v2\/types\/post"}],"author":[{"embeddable":true,"href":"https:\/\/www.sostourismemedical.com\/en\/wp-json\/wp\/v2\/users\/5"}],"replies":[{"embeddable":true,"href":"https:\/\/www.sostourismemedical.com\/en\/wp-json\/wp\/v2\/comments?post=41221"}],"version-history":[{"count":10,"href":"https:\/\/www.sostourismemedical.com\/en\/wp-json\/wp\/v2\/posts\/41221\/revisions"}],"predecessor-version":[{"id":95802,"href":"https:\/\/www.sostourismemedical.com\/en\/wp-json\/wp\/v2\/posts\/41221\/revisions\/95802"}],"wp:featuredmedia":[{"embeddable":true,"href":"https:\/\/www.sostourismemedical.com\/en\/wp-json\/wp\/v2\/media\/41217"}],"wp:attachment":[{"href":"https:\/\/www.sostourismemedical.com\/en\/wp-json\/wp\/v2\/media?parent=41221"}],"wp:term":[{"taxonomy":"category","embeddable":true,"href":"https:\/\/www.sostourismemedical.com\/en\/wp-json\/wp\/v2\/categories?post=41221"},{"taxonomy":"post_tag","embeddable":true,"href":"https:\/\/www.sostourismemedical.com\/en\/wp-json\/wp\/v2\/tags?post=41221"}],"curies":[{"name":"wp","href":"https:\/\/api.w.org\/{rel}","templated":true}]}}